{"id":542047,"date":"2025-11-18T07:57:27","date_gmt":"2025-11-18T07:57:27","guid":{"rendered":"https:\/\/www.europesays.com\/fr\/542047\/"},"modified":"2025-11-18T07:57:27","modified_gmt":"2025-11-18T07:57:27","slug":"quinze-arbres-ont-ete-plantes-pour-quinze-naissances-en-2025-pres-de-nantes-2","status":"publish","type":"post","link":"https:\/\/www.europesays.com\/fr\/542047\/","title":{"rendered":"Quinze arbres ont \u00e9t\u00e9 plant\u00e9s pour quinze naissances en 2025 pr\u00e8s de Nantes"},"content":{"rendered":"<p>L\u2019op\u00e9ration \u00ab\u00a0Je grandis tu pousses\u00a0\u00bb a \u00e9t\u00e9 cr\u00e9\u00e9 en 1999. \u00c0 la naissance d\u2019un enfant, un adulte s\u00e9bastiennais (parent, grand parent, oncle, tante\u2026) demande de parrainer la plantation d\u2019un arbre sur la commune. C\u2019est une v\u00e9ritable action de pr\u00e9servation de l\u2019environnement puisque depuis le d\u00e9but de cette op\u00e9ration, ce sont 400\u00a0enfants de 0 \u00e0 7\u00a0ans qui\u00a0ont parrain\u00e9 un arbre.<\/p>\n<p><a href=\"https:\/\/rennes.maville.com\/actu\/actudet_-depuis-2020-24-maires-de-loire-atlantique-ont-rendu-leur-echarpe-_8-7058775_actu.Htm\" target=\"_blank\" rel=\"noopener\"> <strong>\u00c0 LIRE AUSSI :<\/strong> Depuis 2020, 24 maires de Loire-Atlantique ont rendu leur \u00e9charpe<\/a><\/p>\n<p>Ch\u00e2taignier, orme champ\u00eatre, fr\u00eane micocoulier&#8230;<\/p>\n<p>En plus cette action permet d\u2019aider des jeunes enfants en difficult\u00e9 gr\u00e2ce aux dons des parrains (35\u00a0\u20ac par parrainage) via l\u2019association d\u00e9partementale d\u2019accompagnement \u00e9ducatif et social (ADAES) dont son si\u00e8ge social est au foyer de la Jaunaie, en plus de contribuer au d\u00e9veloppement de la qualit\u00e9 du cadre de vie. Cette ann\u00e9e, 15\u00a0enfants ont parrain\u00e9\u00a0chacun un arbre\u00a0: ch\u00e2taignier, orme champ\u00eatre, fr\u00eane micocoulier.<\/p>\n<p>\u00c0 cette occasion, un ch\u00e8que de 525\u00a0\u20ac\u00a0a \u00e9t\u00e9 remis \u00e0 Jean-Michel Chevalier, pr\u00e9sident de l\u2019ADAES<\/p>\n<p>\u00a0<\/p>\n","protected":false},"excerpt":{"rendered":"L\u2019op\u00e9ration \u00ab\u00a0Je grandis tu pousses\u00a0\u00bb a \u00e9t\u00e9 cr\u00e9\u00e9 en 1999. \u00c0 la naissance d\u2019un enfant, un adulte s\u00e9bastiennais&hellip;\n","protected":false},"author":2,"featured_media":541363,"comment_status":"","ping_status":"","sticky":false,"template":"","format":"standard","meta":{"footnotes":""},"categories":[2818],"tags":[17,1111,11,3570,2883,1777,674,1011,27,40927,766,12,2636,4896,3762,25],"class_list":{"0":"post-542047","1":"post","2":"type-post","3":"status-publish","4":"format-standard","5":"has-post-thumbnail","7":"category-nantes","8":"tag-17","9":"tag-actu","10":"tag-actualites","11":"tag-arbres","12":"tag-ete","13":"tag-eu","14":"tag-europe","15":"tag-fr","16":"tag-france","17":"tag-naissances","18":"tag-nantes","19":"tag-news","20":"tag-pays-de-la-loire","21":"tag-plantes","22":"tag-pres","23":"tag-republique-francaise"},"share_on_mastodon":{"url":"https:\/\/pubeurope.com\/@fr\/115569639217982970","error":""},"_links":{"self":[{"href":"https:\/\/www.europesays.com\/fr\/wp-json\/wp\/v2\/posts\/542047","targetHints":{"allow":["GET"]}}],"collection":[{"href":"https:\/\/www.europesays.com\/fr\/wp-json\/wp\/v2\/posts"}],"about":[{"href":"https:\/\/www.europesays.com\/fr\/wp-json\/wp\/v2\/types\/post"}],"author":[{"embeddable":true,"href":"https:\/\/www.europesays.com\/fr\/wp-json\/wp\/v2\/users\/2"}],"replies":[{"embeddable":true,"href":"https:\/\/www.europesays.com\/fr\/wp-json\/wp\/v2\/comments?post=542047"}],"version-history":[{"count":0,"href":"https:\/\/www.europesays.com\/fr\/wp-json\/wp\/v2\/posts\/542047\/revisions"}],"wp:featuredmedia":[{"embeddable":true,"href":"https:\/\/www.europesays.com\/fr\/wp-json\/wp\/v2\/media\/541363"}],"wp:attachment":[{"href":"https:\/\/www.europesays.com\/fr\/wp-json\/wp\/v2\/media?parent=542047"}],"wp:term":[{"taxonomy":"category","embeddable":true,"href":"https:\/\/www.europesays.com\/fr\/wp-json\/wp\/v2\/categories?post=542047"},{"taxonomy":"post_tag","embeddable":true,"href":"https:\/\/www.europesays.com\/fr\/wp-json\/wp\/v2\/tags?post=542047"}],"curies":[{"name":"wp","href":"https:\/\/api.w.org\/{rel}","templated":true}]}}