{"id":542058,"date":"2025-11-18T08:03:10","date_gmt":"2025-11-18T08:03:10","guid":{"rendered":"https:\/\/www.europesays.com\/fr\/542058\/"},"modified":"2025-11-18T08:03:10","modified_gmt":"2025-11-18T08:03:10","slug":"les-places-sont-parties-en-un-eclair","status":"publish","type":"post","link":"https:\/\/www.europesays.com\/fr\/542058\/","title":{"rendered":"les places sont parties en un \u00e9clair"},"content":{"rendered":"<p>                    Par<br \/>\n        <strong><br \/>\n            <a href=\"https:\/\/actu.fr\/auteur\/zoe-hondt\" title=\"Consulter tous les articles de Zoe Hondt\" rel=\"nofollow noopener\" target=\"_blank\">Zoe Hondt<\/a><br \/>\n                    <\/strong><\/p>\n<p>        Publi\u00e9 le<\/p>\n<p>            18 nov. 2025 \u00e0 8h22        <\/p>\n<p>Voil\u00e0 qui faire de nombreux d\u00e9\u00e7us\u2026 Les places pour la s\u00e9ance de d\u00e9dicaces d\u2019<a href=\"https:\/\/actu.fr\/loisirs-culture\/inoxtag-qui-est-ce-youtubeur-qui-a-rempli-les-cinemas-avec-son-documentaire-sur-l-ascension-de-l-everest_61600782.html\" rel=\"nofollow noopener\" target=\"_blank\">Inoxtag<\/a> sont <b>parties en quelques heures seulement<\/b>. \u00c0 l\u2019occasion de la sortie de son <b>deuxi\u00e8me manga<\/b>, le 20 novembre 2025, le c\u00e9l\u00e8bre <a href=\"https:\/\/actu.fr\/tag\/youtube\" rel=\"nofollow noopener\" target=\"_blank\">youtubeur<\/a> fait en effet \u00e9tape \u00e0 la <b>Fnac de <a href=\"https:\/\/actu.fr\/hauts-de-france\/lille_59350\" rel=\"nofollow noopener\" target=\"_blank\">Lille<\/a><\/b> (Nord), le <b>jeudi 4 d\u00e9cembre<\/b> \u00e0 12h. Au programme, <b>d\u00e9dicaces <\/b>et <b>rencontres avec les fans<\/b>.<\/p>\n<p>Inoxtag en d\u00e9dicaces \u00e0 Lille un an apr\u00e8s le premier tome<\/p>\n<p class=\" wall-content\">Apr\u00e8s avoir gravi le Mont Everest, Inoxtag s\u2019essaye \u00e0 l\u2019\u00e9criture. \u00ab\u00a0Un r\u00eave d\u2019enfant\u00a0\u00bb que le jeune youtubeur de 23 ans concr\u00e9tise l\u2019ann\u00e9e derni\u00e8re avec la sortie de \u00ab\u00a0Instinct\u00a0\u00bb. Dans un univers m\u00ealant <b>science-fiction et aventure<\/b>, on y d\u00e9couvre Haki, 19 ans. Le personnage principal du manga a le don de \u00ab\u00a0voir les intentions des autres, lorsqu\u2019il apprend qu\u2019un virus incurable ne lui laisse plus que quelques mois \u00e0 vivre\u00a0\u00bb.<\/p>\n<p class=\" wall-content\">Un an apr\u00e8s, Inoxtag revient donc avec la <b>suite de l\u2019histoire<\/b>. Un deuxi\u00e8me tome co-\u00e9crit avec <b>Charles Compain<\/b>, dessinateur, et <b>Basile Monnot<\/b>, r\u00e9alisateur.<\/p>\n<p class=\" wall-content\">Personnalisez votre actualit\u00e9 en ajoutant vos villes et m\u00e9dias en favori avec <a href=\"https:\/\/moncompte.actu.fr\" title=\"D\u00e9couvez Mon Actu\" rel=\"nofollow noopener\" data-trk=\"{&quot;cta&quot;:{&quot;action&quot;:&quot;https:\\\/\\\/moncompte.actu.fr&quot;,&quot;category&quot;:&quot;mon compte&quot;,&quot;from&quot;:&quot;article footer&quot;,&quot;name&quot;:&quot;Mon actu&quot;,&quot;type&quot;:&quot;cta&quot;}}\" target=\"_blank\">Mon Actu<\/a>.<\/p>\n","protected":false},"excerpt":{"rendered":"Par Zoe Hondt Publi\u00e9 le 18 nov. 2025 \u00e0 8h22 Voil\u00e0 qui faire de nombreux d\u00e9\u00e7us\u2026 Les places&hellip;\n","protected":false},"author":2,"featured_media":542059,"comment_status":"","ping_status":"","sticky":false,"template":"","format":"standard","meta":{"footnotes":""},"categories":[2815],"tags":[1111,11,1777,674,1011,27,811,1307,1652,12,25,938,2784],"class_list":{"0":"post-542058","1":"post","2":"type-post","3":"status-publish","4":"format-standard","5":"has-post-thumbnail","7":"category-lille","8":"tag-actu","9":"tag-actualites","10":"tag-eu","11":"tag-europe","12":"tag-fr","13":"tag-france","14":"tag-hauts-de-france","15":"tag-lille","16":"tag-loisirs-culture","17":"tag-news","18":"tag-republique-francaise","19":"tag-reseaux-sociaux","20":"tag-youtube"},"share_on_mastodon":{"url":"https:\/\/pubeurope.com\/@fr\/115569662659451656","error":""},"_links":{"self":[{"href":"https:\/\/www.europesays.com\/fr\/wp-json\/wp\/v2\/posts\/542058","targetHints":{"allow":["GET"]}}],"collection":[{"href":"https:\/\/www.europesays.com\/fr\/wp-json\/wp\/v2\/posts"}],"about":[{"href":"https:\/\/www.europesays.com\/fr\/wp-json\/wp\/v2\/types\/post"}],"author":[{"embeddable":true,"href":"https:\/\/www.europesays.com\/fr\/wp-json\/wp\/v2\/users\/2"}],"replies":[{"embeddable":true,"href":"https:\/\/www.europesays.com\/fr\/wp-json\/wp\/v2\/comments?post=542058"}],"version-history":[{"count":0,"href":"https:\/\/www.europesays.com\/fr\/wp-json\/wp\/v2\/posts\/542058\/revisions"}],"wp:featuredmedia":[{"embeddable":true,"href":"https:\/\/www.europesays.com\/fr\/wp-json\/wp\/v2\/media\/542059"}],"wp:attachment":[{"href":"https:\/\/www.europesays.com\/fr\/wp-json\/wp\/v2\/media?parent=542058"}],"wp:term":[{"taxonomy":"category","embeddable":true,"href":"https:\/\/www.europesays.com\/fr\/wp-json\/wp\/v2\/categories?post=542058"},{"taxonomy":"post_tag","embeddable":true,"href":"https:\/\/www.europesays.com\/fr\/wp-json\/wp\/v2\/tags?post=542058"}],"curies":[{"name":"wp","href":"https:\/\/api.w.org\/{rel}","templated":true}]}}