{"id":54206,"date":"2025-04-26T10:57:08","date_gmt":"2025-04-26T10:57:08","guid":{"rendered":"https:\/\/www.europesays.com\/fr\/54206\/"},"modified":"2025-04-26T10:57:08","modified_gmt":"2025-04-26T10:57:08","slug":"elle-y-est-tres-attendue","status":"publish","type":"post","link":"https:\/\/www.europesays.com\/fr\/54206\/","title":{"rendered":"elle y est tr\u00e8s attendue"},"content":{"rendered":"<p>            Par<br \/>\n        <strong><br \/>\n            <a href=\"https:\/\/actu.fr\/auteur\/ancelin-emeryhenriot\" title=\"Consulter tous les articles de Ancelin Emery-Henriot\" rel=\"nofollow noopener\" target=\"_blank\">Ancelin Emery-Henriot<\/a><br \/>\n        <\/strong><\/p>\n<p>        Publi\u00e9 le<\/p>\n<p>            26 avr. 2025 \u00e0 12h04        <\/p>\n<p>Une vitrine<strong> enti\u00e8rement peinte en blanc<\/strong> d\u00e9note depuis quelques semaines au c\u0153ur du quartier de <strong>Saint-Aubin<\/strong>. Elle est annonciatrice de <strong>l\u2019arriv\u00e9e prochaine de P\u00each\u00e9 Mignon<\/strong> dans le secteur. En effet, la boulangerie d\u00e9j\u00e0 pr\u00e9sente au Carmes ouvrira les portes de sa deuxi\u00e8me enseigne <strong>mi-juin 2025<\/strong>.<\/p>\n<p class=\" wall-content\">Il faut dire que <strong>l\u2019attente des riverains \u00e9tait grande<\/strong> : \u201cOn a une grosse client\u00e8le qui vient de l\u00e0-bas. Tous nous demandaient de nous y installer. \u00c7a a pes\u00e9 dans la balance\u201d, assure <strong>Christophe Zasso<\/strong>, propri\u00e9taire du commerce.<\/p>\n<p>La vie de quartier<\/p>\n<p class=\" wall-content\">Mais il faut pr\u00e9ciser que Saint-Aubin \u00e9tait <strong>d\u00e9j\u00e0 dans le viseur<\/strong> du quadrag\u00e9naire. \u201cC\u2019est un endroit qui nous plaisait depuis longtemps. <strong>C\u2019est tr\u00e8s vivant<\/strong> et il y a <strong>\u00e9norm\u00e9ment d\u2019animations<\/strong>\u201d, raconte-t-il. Celui qui a repris P\u00each\u00e9 Mignon en 2020 pr\u00e9cise : \u201cLe march\u00e9 traditionnel du dimanche a par exemple \u00e9t\u00e9 l\u2019un des \u00e9l\u00e9ments qui a fait pencher la balance.\u201d\u00a0<\/p>\n<p class=\" wall-content\">Notons que cette attractivit\u00e9 du quartier pour <strong>l\u2019ouverture de deuxi\u00e8mes enseignes<\/strong> est une vraie tendance. Rien que dans la rue de la Colombette et celles adjacentes, ils ne sont <strong>pas moins de trois<\/strong>\u00a0\u00e0 avoir<a href=\"https:\/\/actu.fr\/occitanie\/toulouse_31555\/toulouse-une-pause-dej-facon-street-food-italienne-avec-le-mangeur-masque_62174193.html\" rel=\"nofollow noopener\" target=\"_blank\"> suivi le processus<\/a> depuis novembre 2024.\u00a0<\/p>\n<p>      <img   decoding=\"async\" loading=\"lazy\" src=\"https:\/\/www.europesays.com\/fr\/wp-content\/uploads\/2025\/04\/peche-mignon-st-aubin-960x640.jpg\" alt=\"Une intrigante vitrine blanche \u00e0 Saint-Aubin annonce discr\u00e8tement la venu prochaine de la boulangerie. \" width=\"960\" height=\"640\"\/><br \/>\n    Une intrigante vitrine blanche \u00e0 Saint-Aubin annonce discr\u00e8tement l\u2019arriv\u00e9e prochaine de la boulangerie. (\u00a9Ancelin Emery \/ Actu Toulouse)Vid\u00e9os : en ce moment sur ActuUn projet \u00e0 long terme\u00a0<\/p>\n<p class=\" wall-content\">Avec cette nouvelle boulangerie, le dirigeant souhaite <strong>rester fid\u00e8le au style<\/strong> de la maison. \u201cLa surface et les mat\u00e9riaux utilis\u00e9s feront qu\u2019elle sera ind\u00e9niablement diff\u00e9rente. Cependant, <strong>on a tent\u00e9 de garder une esth\u00e9tique similaire<\/strong> \u00e0 celle des Carmes.\u201d<\/p>\n<p class=\" wall-content\">Un effort qui pourrait s\u2019inscrire dans <strong>un projet \u00e0 plus long terme<\/strong>. En effet, s\u2019il a totalement rejet\u00e9 l\u2019id\u00e9e de s\u2019exporter dans d\u2019autres villes, <strong>Christophe Zasso<\/strong> n\u2019a pas cach\u00e9 ses ambitions locales : \u201cOn sera amen\u00e9 \u00e0 <strong>ouvrir de nouveaux magasins<\/strong>. Il n\u2019y a pas de projets en cours, puisque nous voulons prendre notre temps et les aborder un par un. Mais c\u2019est une volont\u00e9 pour nous de <strong>nous d\u00e9multiplier<\/strong>.\u201d<\/p>\n<p>Se d\u00e9marquer<\/p>\n<p class=\" wall-content\">L\u2019entreprise qui marchait d\u00e9j\u00e0 tr\u00e8s bien selon les dires de son propri\u00e9taire arrive \u00e0 Saint-Aubin avec l\u2019envie de se d\u00e9marquer. \u201cC\u2019est un quartier o\u00f9 on trouvait qu\u2019il y avait <strong>tr\u00e8s peu de boulangeries<\/strong>. On s\u2019est dit que c\u2019\u00e9tait une opportunit\u00e9\u201d, donne <strong>Christophe Zasso<\/strong>. Sans trop s\u2019avancer pour autant : \u201cOn ne sait tout de m\u00eame pas \u00e0 <strong>quelle concurrence on sera confront\u00e9<\/strong>.\u201d<\/p>\n<p><strong>Infos Pratiques<\/strong><br \/>Une campagne de recrutement sera men\u00e9e afin de trouver 15 employ\u00e9s d\u2019ici la mi-juin.<\/p>\n<p class=\" wall-content\">Suivez toute l\u2019actualit\u00e9 de vos villes et m\u00e9dias favoris en vous inscrivant \u00e0 <a href=\"https:\/\/moncompte.actu.fr\" title=\"D\u00e9couvez Mon Actu\" rel=\"nofollow noopener\" data-trk=\"{&quot;cta&quot;:{&quot;action&quot;:&quot;https:\\\/\\\/moncompte.actu.fr&quot;,&quot;category&quot;:&quot;mon compte&quot;,&quot;from&quot;:&quot;article footer&quot;,&quot;name&quot;:&quot;Mon actu&quot;,&quot;type&quot;:&quot;cta&quot;}}\" target=\"_blank\">Mon Actu<\/a>.<\/p>\n","protected":false},"excerpt":{"rendered":"Par Ancelin Emery-Henriot Publi\u00e9 le 26 avr. 2025 \u00e0 12h04 Une vitrine enti\u00e8rement peinte en blanc d\u00e9note depuis&hellip;\n","protected":false},"author":2,"featured_media":54207,"comment_status":"","ping_status":"","sticky":false,"template":"","format":"standard","meta":{"footnotes":""},"categories":[2816],"tags":[1111,11,215,1777,674,1011,27,12,2680,25,1340,104,2312],"class_list":{"0":"post-54206","1":"post","2":"type-post","3":"status-publish","4":"format-standard","5":"has-post-thumbnail","7":"category-toulouse","8":"tag-actu","9":"tag-actualites","10":"tag-commerce","11":"tag-eu","12":"tag-europe","13":"tag-fr","14":"tag-france","15":"tag-news","16":"tag-occitanie","17":"tag-republique-francaise","18":"tag-restaurant","19":"tag-societe","20":"tag-toulouse"},"share_on_mastodon":{"url":"https:\/\/pubeurope.com\/@fr\/114403910876003136","error":""},"_links":{"self":[{"href":"https:\/\/www.europesays.com\/fr\/wp-json\/wp\/v2\/posts\/54206","targetHints":{"allow":["GET"]}}],"collection":[{"href":"https:\/\/www.europesays.com\/fr\/wp-json\/wp\/v2\/posts"}],"about":[{"href":"https:\/\/www.europesays.com\/fr\/wp-json\/wp\/v2\/types\/post"}],"author":[{"embeddable":true,"href":"https:\/\/www.europesays.com\/fr\/wp-json\/wp\/v2\/users\/2"}],"replies":[{"embeddable":true,"href":"https:\/\/www.europesays.com\/fr\/wp-json\/wp\/v2\/comments?post=54206"}],"version-history":[{"count":0,"href":"https:\/\/www.europesays.com\/fr\/wp-json\/wp\/v2\/posts\/54206\/revisions"}],"wp:featuredmedia":[{"embeddable":true,"href":"https:\/\/www.europesays.com\/fr\/wp-json\/wp\/v2\/media\/54207"}],"wp:attachment":[{"href":"https:\/\/www.europesays.com\/fr\/wp-json\/wp\/v2\/media?parent=54206"}],"wp:term":[{"taxonomy":"category","embeddable":true,"href":"https:\/\/www.europesays.com\/fr\/wp-json\/wp\/v2\/categories?post=54206"},{"taxonomy":"post_tag","embeddable":true,"href":"https:\/\/www.europesays.com\/fr\/wp-json\/wp\/v2\/tags?post=54206"}],"curies":[{"name":"wp","href":"https:\/\/api.w.org\/{rel}","templated":true}]}}