{"id":542062,"date":"2025-11-18T08:05:20","date_gmt":"2025-11-18T08:05:20","guid":{"rendered":"https:\/\/www.europesays.com\/fr\/542062\/"},"modified":"2025-11-18T08:05:20","modified_gmt":"2025-11-18T08:05:20","slug":"des-travaux-a-venir-pour-rehabiliter-le-mur-du-jardin-de-la-colline-puget","status":"publish","type":"post","link":"https:\/\/www.europesays.com\/fr\/542062\/","title":{"rendered":"Des travaux \u00e0 venir pour r\u00e9habiliter le mur du jardin de la colline Puget"},"content":{"rendered":"\n<p>Un \u00e9chafaudage est en cours de montage sur le mur de sout\u00e8nement du jardin de la colline Pierre-Puget, rue du Commandant Surian (7e), un mois apr\u00e8s la chute d\u2019\u00e9l\u00e9ments sur la voie publique ayant conduit \u00e0 l\u2019interdire aux v\u00e9hicules, ce qui perturbe grandement la circulation d\u00e9vi\u00e9e du coup sur la rue Grignan.<\/p>\n<p>S\u2019agissant d\u2019un mur qui soutient les terres du jardin municipal de la colline Puget, son entretien incombe bien \u00e0 la commune. Il a \u00e9t\u00e9 observ\u00e9 la \u00ab\u00a0pr\u00e9sence abondante de v\u00e9g\u00e9taux dans la ma\u00e7onnerie\u00a0\u00bb constate l\u2019arr\u00eat\u00e9 municipal du 16\u00a0octobre \u00e9dictant un p\u00e9rim\u00e8tre de s\u00e9curit\u00e9. Un figuier a r\u00e9ussi \u00e0 s\u2019\u00e9panouir, signe d\u2019une absence prolong\u00e9e d\u2019entretien depuis dix ans comme le montrent les vues de GoogleView. La direction des b\u00e2timents et \u00e9quipements communaux pilote \u00e0 pr\u00e9sent les travaux \u00e0 venir pour d\u00e9gager la v\u00e9g\u00e9tation, r\u00e9parer la t\u00eate de mur en moellons et rejointer les pierres. Le mur de cette rue perc\u00e9e en 1808 dans l\u2019ancien rempart de Louis XIV jouit d\u2019une protection au titre du site patrimonial remarquable de Marseille.<\/p>\n","protected":false},"excerpt":{"rendered":"Un \u00e9chafaudage est en cours de montage sur le mur de sout\u00e8nement du jardin de la colline Pierre-Puget,&hellip;\n","protected":false},"author":2,"featured_media":542063,"comment_status":"","ping_status":"","sticky":false,"template":"","format":"standard","meta":{"footnotes":""},"categories":[2814],"tags":[1111,11,13635,1777,674,1011,27,884,12,882,25],"class_list":{"0":"post-542062","1":"post","2":"type-post","3":"status-publish","4":"format-standard","5":"has-post-thumbnail","7":"category-marseille","8":"tag-actu","9":"tag-actualites","10":"tag-direction","11":"tag-eu","12":"tag-europe","13":"tag-fr","14":"tag-france","15":"tag-marseille","16":"tag-news","17":"tag-provence-alpes-cote-dazur","18":"tag-republique-francaise"},"share_on_mastodon":{"url":"https:\/\/pubeurope.com\/@fr\/115569670477558085","error":""},"_links":{"self":[{"href":"https:\/\/www.europesays.com\/fr\/wp-json\/wp\/v2\/posts\/542062","targetHints":{"allow":["GET"]}}],"collection":[{"href":"https:\/\/www.europesays.com\/fr\/wp-json\/wp\/v2\/posts"}],"about":[{"href":"https:\/\/www.europesays.com\/fr\/wp-json\/wp\/v2\/types\/post"}],"author":[{"embeddable":true,"href":"https:\/\/www.europesays.com\/fr\/wp-json\/wp\/v2\/users\/2"}],"replies":[{"embeddable":true,"href":"https:\/\/www.europesays.com\/fr\/wp-json\/wp\/v2\/comments?post=542062"}],"version-history":[{"count":0,"href":"https:\/\/www.europesays.com\/fr\/wp-json\/wp\/v2\/posts\/542062\/revisions"}],"wp:featuredmedia":[{"embeddable":true,"href":"https:\/\/www.europesays.com\/fr\/wp-json\/wp\/v2\/media\/542063"}],"wp:attachment":[{"href":"https:\/\/www.europesays.com\/fr\/wp-json\/wp\/v2\/media?parent=542062"}],"wp:term":[{"taxonomy":"category","embeddable":true,"href":"https:\/\/www.europesays.com\/fr\/wp-json\/wp\/v2\/categories?post=542062"},{"taxonomy":"post_tag","embeddable":true,"href":"https:\/\/www.europesays.com\/fr\/wp-json\/wp\/v2\/tags?post=542062"}],"curies":[{"name":"wp","href":"https:\/\/api.w.org\/{rel}","templated":true}]}}