{"id":542064,"date":"2025-11-18T08:06:13","date_gmt":"2025-11-18T08:06:13","guid":{"rendered":"https:\/\/www.europesays.com\/fr\/542064\/"},"modified":"2025-11-18T08:06:13","modified_gmt":"2025-11-18T08:06:13","slug":"sur-rtl-lavocat-de-la-famille-kessaci-reagit-a-la-piste-du-crime-davertissement-apres-lassassinat-de-mehdi-a-marseille","status":"publish","type":"post","link":"https:\/\/www.europesays.com\/fr\/542064\/","title":{"rendered":"sur RTL, l&rsquo;avocat de la famille Kessaci r\u00e9agit \u00e0 la piste du crime d&rsquo;avertissement apr\u00e8s l&rsquo;assassinat de Mehdi \u00e0 Marseille"},"content":{"rendered":"<p class=\"article-p mdl\">Mehdi Kessaci a-t-il \u00e9t\u00e9 victime d&rsquo;un crime d&rsquo;avertissement ? C&rsquo;est l&rsquo;hypoth\u00e8se soulev\u00e9e par le procureur de Marseille, apr\u00e8s l&rsquo;assassinat de ce jeune homme de 20 ans, petit fr\u00e8re\u00a0d\u2019Amine Kessaci, un militant tr\u00e8s engag\u00e9 dans la lutte contre le narcotrafic.\u00a0Mehdi Kessaci a \u00e9t\u00e9 abattu par deux personnes \u00e0 scooter, en plein jour, jeudi 13 novembre dernier. Ses obs\u00e8ques vont se d\u00e9rouler ce mardi 18 novembre\u00a0<a class=\"link\" href=\"https:\/\/www.rtl.fr\/actu\/justice-faits-divers\/assassinat-de-mehdi-kessaci-des-obseques-sous-haute-surveillance-ce-mardi-a-marseile-7900567661\" target=\"_blank\" rel=\"noopener\">sous tr\u00e8s haute surveillance<\/a>.<\/p>\n<p class=\"article-p mdl\">\u00ab\u00a0Le procureur de la R\u00e9publique de Marseille a dit que la piste du crime d&rsquo;intimidation et d&rsquo;avertissement \u00e9tait la piste vraisemblablement retenue. Sauf erreur de ma part, c&rsquo;est une premi\u00e8re\u00a0\u00bb,\u00a0r\u00e9agit\u00a0Mathieu Croizet, avocat de l\u2019association Conscience et de la famille Kessaci, invit\u00e9 sur RTL ce mardi 18 novembre.<\/p>\n<p class=\"article-p mdl\">\u00ab\u00a0\u00c7a fait 24 ans que je suis avocat \u00e0 Marseille (&#8230;) C&rsquo;est la premi\u00e8re fois qu&rsquo;une personne, inconnue des services de police, qui comptait lui-m\u00eame devenir policier, se fait tuer en raison du militantisme d&rsquo;un membre de sa famille\u00a0\u00bb, poursuit-il, se disant partag\u00e9 entre une \u00ab\u00a0tristesse infinie et une immense col\u00e8re\u00a0\u00bb.<\/p>\n<p>            Manque de moyens<\/p>\n<p class=\"article-p mdl\">Emmanuel Macron a convoqu\u00e9 mardi \u00e0 l&rsquo;\u00c9lys\u00e9e, en pr\u00e9sence du Premier ministre S\u00e9bastien Lecornu et de plusieurs ministres, une r\u00e9union \u00ab\u00a0sur la mise en \u0153uvre de la loi narcotrafic\u00a0\u00bb et \u00ab\u00a0la situation \u00e0 Marseille\u00a0\u00bb. \u00ab\u00a0Si vous encore une \u00e9ni\u00e8me r\u00e9union apr\u00e8s un drame, sans prise d&rsquo;actes, et de vraie volont\u00e9 politique, \u00e7a ne sert \u00e0 rien\u00a0\u00bb, r\u00e9agit Me Mathieu Croizet sur RTL, \u00e9voquant un pays \u00ab\u00a0exsangue\u00a0\u00bb de moyens.<\/p>\n<p class=\"article-p mdl\">\u00ab\u00a0Si vous voulez avoir un v\u00e9ritable effet, il faut des moyens humains et mat\u00e9riels. Il faut mettre le paquet ou r\u00e9fl\u00e9chir \u00e0 une autre fa\u00e7on d&rsquo;appr\u00e9hender le trafic. C&rsquo;est peut-\u00eatre aussi l&rsquo;occasion de r\u00e9fl\u00e9chir \u00e0 un changement de paradigme\u00a0\u00bb, assure Me Mathieu Croizet.\u00a0<\/p>\n<p class=\"article-p mdl\">Invit\u00e9 de RTL ce mardi matin, le secr\u00e9taire national du Parti Communiste Fabien Roussel a aussi demand\u00e9 une hausse des moyens pour la lutte contre le narcotrafic. Il r\u00e9clame notamment le\u00a0<a class=\"link\" href=\"https:\/\/www.rtl.fr\/actu\/politique\/il-y-a-du-sang-dans-chaque-barrette-de-shit-sur-rtl-roussel-reclame-le-renfort-de-60-000-agents-de-la-fonction-publique-pour-lutter-contre-le-narcotrafic-7900567769\" target=\"_blank\" rel=\"noopener\">renfort de 60.000 agents de la fonction publique<\/a>. Une mesure qu&rsquo;il \u00e9value entre 2,5 milliards d&rsquo;euros et 3 milliards d&rsquo;euros.\u00a0<\/p>\n<p>    La r\u00e9daction vous recommande<\/p>\n<p class=\"s-newsletter__title\">\n                L\u2019actualit\u00e9 par la r\u00e9daction de RTL dans votre bo\u00eete mail.\n            <\/p>\n<p class=\"s-newsletter__subtitle\">\n                Gr\u00e2ce \u00e0 votre compte RTL abonnez-vous \u00e0 la newsletter RTL info pour suivre toute l&rsquo;actualit\u00e9 au quotidien\n            <\/p>\n<p>\n                                    Lire la suite\n                                <\/p>\n","protected":false},"excerpt":{"rendered":"Mehdi Kessaci a-t-il \u00e9t\u00e9 victime d&rsquo;un crime d&rsquo;avertissement ? C&rsquo;est l&rsquo;hypoth\u00e8se soulev\u00e9e par le procureur de Marseille, apr\u00e8s&hellip;\n","protected":false},"author":2,"featured_media":542065,"comment_status":"","ping_status":"","sticky":false,"template":"","format":"standard","meta":{"footnotes":""},"categories":[2814],"tags":[1111,11,6744,1052,1777,674,107,1011,27,884,12,882,25],"class_list":{"0":"post-542064","1":"post","2":"type-post","3":"status-publish","4":"format-standard","5":"has-post-thumbnail","7":"category-marseille","8":"tag-actu","9":"tag-actualites","10":"tag-assassinat","11":"tag-drogue","12":"tag-eu","13":"tag-europe","14":"tag-fil-info","15":"tag-fr","16":"tag-france","17":"tag-marseille","18":"tag-news","19":"tag-provence-alpes-cote-dazur","20":"tag-republique-francaise"},"share_on_mastodon":{"url":"https:\/\/pubeurope.com\/@fr\/115569674452212838","error":""},"_links":{"self":[{"href":"https:\/\/www.europesays.com\/fr\/wp-json\/wp\/v2\/posts\/542064","targetHints":{"allow":["GET"]}}],"collection":[{"href":"https:\/\/www.europesays.com\/fr\/wp-json\/wp\/v2\/posts"}],"about":[{"href":"https:\/\/www.europesays.com\/fr\/wp-json\/wp\/v2\/types\/post"}],"author":[{"embeddable":true,"href":"https:\/\/www.europesays.com\/fr\/wp-json\/wp\/v2\/users\/2"}],"replies":[{"embeddable":true,"href":"https:\/\/www.europesays.com\/fr\/wp-json\/wp\/v2\/comments?post=542064"}],"version-history":[{"count":0,"href":"https:\/\/www.europesays.com\/fr\/wp-json\/wp\/v2\/posts\/542064\/revisions"}],"wp:featuredmedia":[{"embeddable":true,"href":"https:\/\/www.europesays.com\/fr\/wp-json\/wp\/v2\/media\/542065"}],"wp:attachment":[{"href":"https:\/\/www.europesays.com\/fr\/wp-json\/wp\/v2\/media?parent=542064"}],"wp:term":[{"taxonomy":"category","embeddable":true,"href":"https:\/\/www.europesays.com\/fr\/wp-json\/wp\/v2\/categories?post=542064"},{"taxonomy":"post_tag","embeddable":true,"href":"https:\/\/www.europesays.com\/fr\/wp-json\/wp\/v2\/tags?post=542064"}],"curies":[{"name":"wp","href":"https:\/\/api.w.org\/{rel}","templated":true}]}}