{"id":542066,"date":"2025-11-18T08:07:13","date_gmt":"2025-11-18T08:07:13","guid":{"rendered":"https:\/\/www.europesays.com\/fr\/542066\/"},"modified":"2025-11-18T08:07:13","modified_gmt":"2025-11-18T08:07:13","slug":"une-mere-soupconnee-davoir-tuee-sa-fille-de-4-ans","status":"publish","type":"post","link":"https:\/\/www.europesays.com\/fr\/542066\/","title":{"rendered":"une m\u00e8re soup\u00e7onn\u00e9e d&rsquo;avoir tu\u00e9e sa fille de 4 ans"},"content":{"rendered":"<p>Pour l&rsquo;instant, seules quelques bribes d&rsquo;informations ont filtr\u00e9 sur les circonstances de ce drame qui s&rsquo;est nou\u00e9 lundi soir dans le petit village de Montrottier, situ\u00e9 \u00e0 30 km au nord-ouest de Lyon.<\/p>\n<p>Selon nos informations, le corps sans vie d&rsquo;une fillette de 4 ans a \u00e9t\u00e9 retrouv\u00e9 au domicile familial peu avant 20 heures.<\/p>\n<p>L&rsquo;enfant aurait \u00e9t\u00e9 \u00e9touff\u00e9.\u00a0<\/p>\n<p>La m\u00e8re appelle la gendarmerie<\/p>\n<p>Les secours et la gendarmerie ont \u00e9t\u00e9 pr\u00e9venus par la m\u00e8re de la victime qui a \u00e9t\u00e9 interpell\u00e9e. Elle est soup\u00e7onn\u00e9e d&rsquo;\u00eatre l&rsquo;auteure des faits.\u00a0\u00a0<\/p>\n<p>En 2022, 60 mineurs sont d\u00e9c\u00e9d\u00e9s de mort violente au sein de la famille, selon les statistique de l&rsquo;Observatoire national de la protection de l&rsquo;enfance.<\/p>\n","protected":false},"excerpt":{"rendered":"Pour l&rsquo;instant, seules quelques bribes d&rsquo;informations ont filtr\u00e9 sur les circonstances de ce drame qui s&rsquo;est nou\u00e9 lundi&hellip;\n","protected":false},"author":2,"featured_media":542067,"comment_status":"","ping_status":"","sticky":false,"template":"","format":"standard","meta":{"footnotes":""},"categories":[1889],"tags":[1111,11,2430,271,272,3155,3156,1777,674,274,107,1011,27,2428,11154,12,25,2429],"class_list":{"0":"post-542066","1":"post","2":"type-post","3":"status-publish","4":"format-standard","5":"has-post-thumbnail","7":"category-lyon","8":"tag-actu","9":"tag-actualites","10":"tag-auvergne-rhone-alpes","11":"tag-crime","12":"tag-delit-et-contravention","13":"tag-edition-tarare","14":"tag-edition-villefranche","15":"tag-eu","16":"tag-europe","17":"tag-faits-divers-justice","18":"tag-fil-info","19":"tag-fr","20":"tag-france","21":"tag-lyon","22":"tag-montrottier","23":"tag-news","24":"tag-republique-francaise","25":"tag-rhone"},"share_on_mastodon":{"url":"https:\/\/pubeurope.com\/@fr\/115569678400030022","error":""},"_links":{"self":[{"href":"https:\/\/www.europesays.com\/fr\/wp-json\/wp\/v2\/posts\/542066","targetHints":{"allow":["GET"]}}],"collection":[{"href":"https:\/\/www.europesays.com\/fr\/wp-json\/wp\/v2\/posts"}],"about":[{"href":"https:\/\/www.europesays.com\/fr\/wp-json\/wp\/v2\/types\/post"}],"author":[{"embeddable":true,"href":"https:\/\/www.europesays.com\/fr\/wp-json\/wp\/v2\/users\/2"}],"replies":[{"embeddable":true,"href":"https:\/\/www.europesays.com\/fr\/wp-json\/wp\/v2\/comments?post=542066"}],"version-history":[{"count":0,"href":"https:\/\/www.europesays.com\/fr\/wp-json\/wp\/v2\/posts\/542066\/revisions"}],"wp:featuredmedia":[{"embeddable":true,"href":"https:\/\/www.europesays.com\/fr\/wp-json\/wp\/v2\/media\/542067"}],"wp:attachment":[{"href":"https:\/\/www.europesays.com\/fr\/wp-json\/wp\/v2\/media?parent=542066"}],"wp:term":[{"taxonomy":"category","embeddable":true,"href":"https:\/\/www.europesays.com\/fr\/wp-json\/wp\/v2\/categories?post=542066"},{"taxonomy":"post_tag","embeddable":true,"href":"https:\/\/www.europesays.com\/fr\/wp-json\/wp\/v2\/tags?post=542066"}],"curies":[{"name":"wp","href":"https:\/\/api.w.org\/{rel}","templated":true}]}}