{"id":542068,"date":"2025-11-18T08:08:14","date_gmt":"2025-11-18T08:08:14","guid":{"rendered":"https:\/\/www.europesays.com\/fr\/542068\/"},"modified":"2025-11-18T08:08:14","modified_gmt":"2025-11-18T08:08:14","slug":"lyon-62-des-medecins-utilisent-chatgpt-malgre-ses-erreurs-frequentes","status":"publish","type":"post","link":"https:\/\/www.europesays.com\/fr\/542068\/","title":{"rendered":"Lyon. 62\u00a0% des m\u00e9decins utilisent ChatGPT malgr\u00e9 ses erreurs fr\u00e9quentes"},"content":{"rendered":"<p>Comme leurs patients, les m\u00e9decins ont souvent recours \u00e0 internet, aux moteurs de recherche mais aussi d\u00e9sormais aux IA g\u00e9n\u00e9ralistes. Selon une \u00e9tude r\u00e9alis\u00e9e (1) par la start-up lyonnaise PulseLife, 62\u00a0% des m\u00e9decins d\u00e9clarent utiliser ChatGPT dans leur pratique quotidienne. Pourtant, 2 soignent sur 3 assurent qu\u2019ils ont d\u00e9j\u00e0 obtenu des r\u00e9ponses fausses ou incompl\u00e8tes. Ils sont ainsi 94\u00a0% \u00e0 se d\u00e9clarer insatisfaits des IA g\u00e9n\u00e9ralistes.<\/p>\n<p>\u00ab\u00a0Un bon m\u00e9decin est un m\u00e9decin qui se pose des questions. Son m\u00e9tier consiste \u00e0 croiser des infos. L\u2019IA fait partie des outils qui l\u2019accompagnent mais il reste m\u00e9fiant. Cette solution est parfois super bien mais elle est aussi trop dangereuse\u00a0\u00bb, souligne le Dr  Gr\u00e9goire Pign\u00e9, radiologue au CHU de Saint-Etienne, co-fondateur de PulseLife (ex 360 medics).<\/p>\n<p>  81% ont recours \u00e0 l\u2019IA une fois par semaine<\/p>\n<p>Selon le barom\u00e8tre de Pulselife, 81\u00a0% des professionnels interrog\u00e9s recourent au moins une fois par semaine \u00e0 l\u2019IA et 23\u00a0% quotidiennement, des chiffres qui montent \u00e0 89\u00a0% et 27\u00a0% chez les professionnels exer\u00e7ant dans un d\u00e9sert m\u00e9dical. Plus d\u2019un professionnel de sant\u00e9 sur 2 d\u00e9clare utiliser une IA g\u00e9n\u00e9raliste comme ChatGPT dans sa pratique. Mais les professionnels se m\u00e9fient donc des r\u00e9ponses qu\u2019ils trouvent, pr\u00e8s de 57\u00a0% s\u2019inqui\u00e9tant de l\u2019absence de validation scientifique. Seuls 19\u00a0% d\u00e9clarent n\u2019avoir aucune r\u00e9ticence \u00e0 utiliser ces outils. Plus des deux-tiers des professionnels interrog\u00e9s souhaitent une validation scientifique par des experts, une mise \u00e0 jour continue et une performance \u00e9prouv\u00e9e.<\/p>\n<p>Ces r\u00e9sultats confortent les arguments des responsables de PulseLife pour promouvoir leurs services. <a href=\"https:\/\/www.leprogres.fr\/economie\/2023\/05\/15\/pulselife-de-l-ia-au-service-des-soignants\" target=\"_blank\" rel=\"nofollow noopener\">Cr\u00e9\u00e9e en 2014,<\/a> la start-up propose aux professionnels de sant\u00e9, gr\u00e2ce \u00e0 une intelligence artificielle int\u00e9gr\u00e9e, \u00ab\u00a0l\u2019acc\u00e8s instantan\u00e9 \u00e0 une base de donn\u00e9es fiable et actualis\u00e9e\u00a0\u00bb, issue d\u2019\u00e9tudes publi\u00e9es et d\u2019un partenariat avec plus d\u2019une centaine de soci\u00e9t\u00e9s savantes. <\/p>\n<p>\u00c0 ce jour, 855\u00a0000 soignants dont 405\u00a0000 m\u00e9decins, 210\u00a0000 infirmiers et 41\u00a0000 pharmaciens ont recours \u00e0 PulseLife en France et en Espagne.<\/p>\n<p class=\"note\">R\u00e9alis\u00e9 du 15 septembre au 1er octobre 2025 aupr\u00e8s de 608 r\u00e9pondants dont 54% de m\u00e9decins, repr\u00e9sentatifs de la population m\u00e9dicale fran\u00e7aise, utilisatrice de PulseLife.<\/p>\n","protected":false},"excerpt":{"rendered":"Comme leurs patients, les m\u00e9decins ont souvent recours \u00e0 internet, aux moteurs de recherche mais aussi d\u00e9sormais aux&hellip;\n","protected":false},"author":2,"featured_media":542069,"comment_status":"","ping_status":"","sticky":false,"template":"","format":"standard","meta":{"footnotes":""},"categories":[1889],"tags":[1111,11,2430,2757,1777,674,107,1011,27,2428,2756,12,25,2429,71,767],"class_list":{"0":"post-542068","1":"post","2":"type-post","3":"status-publish","4":"format-standard","5":"has-post-thumbnail","7":"category-lyon","8":"tag-actu","9":"tag-actualites","10":"tag-auvergne-rhone-alpes","11":"tag-edition-lyon-villeurbanne","12":"tag-eu","13":"tag-europe","14":"tag-fil-info","15":"tag-fr","16":"tag-france","17":"tag-lyon","18":"tag-lyon-bassin","19":"tag-news","20":"tag-republique-francaise","21":"tag-rhone","22":"tag-sante","23":"tag-science-et-technologie"},"share_on_mastodon":{"url":"https:\/\/pubeurope.com\/@fr\/115569682227842881","error":""},"_links":{"self":[{"href":"https:\/\/www.europesays.com\/fr\/wp-json\/wp\/v2\/posts\/542068","targetHints":{"allow":["GET"]}}],"collection":[{"href":"https:\/\/www.europesays.com\/fr\/wp-json\/wp\/v2\/posts"}],"about":[{"href":"https:\/\/www.europesays.com\/fr\/wp-json\/wp\/v2\/types\/post"}],"author":[{"embeddable":true,"href":"https:\/\/www.europesays.com\/fr\/wp-json\/wp\/v2\/users\/2"}],"replies":[{"embeddable":true,"href":"https:\/\/www.europesays.com\/fr\/wp-json\/wp\/v2\/comments?post=542068"}],"version-history":[{"count":0,"href":"https:\/\/www.europesays.com\/fr\/wp-json\/wp\/v2\/posts\/542068\/revisions"}],"wp:featuredmedia":[{"embeddable":true,"href":"https:\/\/www.europesays.com\/fr\/wp-json\/wp\/v2\/media\/542069"}],"wp:attachment":[{"href":"https:\/\/www.europesays.com\/fr\/wp-json\/wp\/v2\/media?parent=542068"}],"wp:term":[{"taxonomy":"category","embeddable":true,"href":"https:\/\/www.europesays.com\/fr\/wp-json\/wp\/v2\/categories?post=542068"},{"taxonomy":"post_tag","embeddable":true,"href":"https:\/\/www.europesays.com\/fr\/wp-json\/wp\/v2\/tags?post=542068"}],"curies":[{"name":"wp","href":"https:\/\/api.w.org\/{rel}","templated":true}]}}