{"id":542070,"date":"2025-11-18T08:10:15","date_gmt":"2025-11-18T08:10:15","guid":{"rendered":"https:\/\/www.europesays.com\/fr\/542070\/"},"modified":"2025-11-18T08:10:15","modified_gmt":"2025-11-18T08:10:15","slug":"les-bouchons-depassent-les-500-kilometres","status":"publish","type":"post","link":"https:\/\/www.europesays.com\/fr\/542070\/","title":{"rendered":"les bouchons d\u00e9passent les 500 kilom\u00e8tres"},"content":{"rendered":"<p>                    Par<br \/>\n        <strong><br \/>\n            <a href=\"https:\/\/actu.fr\/auteur\/redaction-paris\" title=\"Consulter tous les articles de R\u00e9daction Paris\" rel=\"nofollow noopener\" target=\"_blank\">R\u00e9daction Paris<\/a><br \/>\n                    <\/strong><\/p>\n<p>        Publi\u00e9 le<\/p>\n<p>            18 nov. 2025 \u00e0 8h52<br \/>\n        ; mis \u00e0 jour le 18 nov. 2025 \u00e0 8h53    <\/p>\n<p>Encore une journ\u00e9e qui commence au <strong>ralenti<\/strong> ce mardi 18 novembre 2025 pour les automobilistes de Paris et d\u2019\u00cele-de-France qui <a href=\"https:\/\/actu.fr\/tag\/circulation\" rel=\"nofollow noopener\" target=\"_blank\">circulent<\/a> sur certains axes. En raison <a href=\"https:\/\/actu.fr\/tag\/accident\" rel=\"nofollow noopener\" target=\"_blank\">d\u2019accidents<\/a>, de travaux et de monde sur les routes, le trafic est loin d\u2019\u00eatre fluide.\u00a0\u00a0<\/p>\n<p>Accidents, travaux\u2026<\/p>\n<p class=\" wall-content\">D\u2019apr\u00e8s le barom\u00e8tre de <a href=\"https:\/\/www.sytadin.fr\/sys\/barometre_bouchon.jsp.html\" rel=\"nofollow noopener\" target=\"_blank\">Sytadin.fr<\/a>, le cumul de bouchons atteint, \u00e0 8h40, <strong>505 kilom\u00e8tres<\/strong>. Lorsque la circulation est fluide, ils se situent aux alentours de 330 kilom\u00e8tres. Pour quelles raisons ? Des travaux et des pannes perturbent le parcours, ainsi que des accidents :\u00a0<\/p>\n<p class=\" wall-content\">\u2013 Sur la <strong>N191<\/strong> sens int\u00e9rieur : accident au niveau de Boinville le Gaillard. Un poids lourd couch\u00e9 sur le flanc. Trois d\u00e9panneuses sont n\u00e9cessaires pour le relever, pr\u00e9cise Sytadin.fr. Une des deux voies est ferm\u00e9e<\/p>\n<p class=\" wall-content\">\u2013 Sur l\u2019<strong>A15<\/strong> dans le sens province-Paris de Franconville vers Sannois : accident entre deux v\u00e9hicules l\u00e9gers. Sur trois voies, une est ferm\u00e9e<\/p>\n<p class=\" wall-content\">Personnalisez votre actualit\u00e9 en ajoutant vos villes et m\u00e9dias en favori avec <a href=\"https:\/\/moncompte.actu.fr\" title=\"D\u00e9couvez Mon Actu\" rel=\"nofollow noopener\" data-trk=\"{&quot;cta&quot;:{&quot;action&quot;:&quot;https:\\\/\\\/moncompte.actu.fr&quot;,&quot;category&quot;:&quot;mon compte&quot;,&quot;from&quot;:&quot;article footer&quot;,&quot;name&quot;:&quot;Mon actu&quot;,&quot;type&quot;:&quot;cta&quot;}}\" target=\"_blank\">Mon Actu<\/a>.<\/p>\n","protected":false},"excerpt":{"rendered":"Par R\u00e9daction Paris Publi\u00e9 le 18 nov. 2025 \u00e0 8h52 ; mis \u00e0 jour le 18 nov. 2025&hellip;\n","protected":false},"author":2,"featured_media":542071,"comment_status":"","ping_status":"","sticky":false,"template":"","format":"standard","meta":{"footnotes":""},"categories":[1592],"tags":[119,1111,11,3542,1777,674,1011,27,662,12,626,25,104,2803],"class_list":{"0":"post-542070","1":"post","2":"type-post","3":"status-publish","4":"format-standard","5":"has-post-thumbnail","7":"category-ile-de-france","8":"tag-accident","9":"tag-actu","10":"tag-actualites","11":"tag-circulation","12":"tag-eu","13":"tag-europe","14":"tag-fr","15":"tag-france","16":"tag-ile-de-france","17":"tag-news","18":"tag-paris","19":"tag-republique-francaise","20":"tag-societe","21":"tag-transport"},"share_on_mastodon":{"url":"https:\/\/pubeurope.com\/@fr\/115569690216318514","error":""},"_links":{"self":[{"href":"https:\/\/www.europesays.com\/fr\/wp-json\/wp\/v2\/posts\/542070","targetHints":{"allow":["GET"]}}],"collection":[{"href":"https:\/\/www.europesays.com\/fr\/wp-json\/wp\/v2\/posts"}],"about":[{"href":"https:\/\/www.europesays.com\/fr\/wp-json\/wp\/v2\/types\/post"}],"author":[{"embeddable":true,"href":"https:\/\/www.europesays.com\/fr\/wp-json\/wp\/v2\/users\/2"}],"replies":[{"embeddable":true,"href":"https:\/\/www.europesays.com\/fr\/wp-json\/wp\/v2\/comments?post=542070"}],"version-history":[{"count":0,"href":"https:\/\/www.europesays.com\/fr\/wp-json\/wp\/v2\/posts\/542070\/revisions"}],"wp:featuredmedia":[{"embeddable":true,"href":"https:\/\/www.europesays.com\/fr\/wp-json\/wp\/v2\/media\/542071"}],"wp:attachment":[{"href":"https:\/\/www.europesays.com\/fr\/wp-json\/wp\/v2\/media?parent=542070"}],"wp:term":[{"taxonomy":"category","embeddable":true,"href":"https:\/\/www.europesays.com\/fr\/wp-json\/wp\/v2\/categories?post=542070"},{"taxonomy":"post_tag","embeddable":true,"href":"https:\/\/www.europesays.com\/fr\/wp-json\/wp\/v2\/tags?post=542070"}],"curies":[{"name":"wp","href":"https:\/\/api.w.org\/{rel}","templated":true}]}}