{"id":542076,"date":"2025-11-18T08:13:21","date_gmt":"2025-11-18T08:13:21","guid":{"rendered":"https:\/\/www.europesays.com\/fr\/542076\/"},"modified":"2025-11-18T08:13:21","modified_gmt":"2025-11-18T08:13:21","slug":"denim-premiere-vision-met-le-cap-sur-le-printemps-ete-2027-2","status":"publish","type":"post","link":"https:\/\/www.europesays.com\/fr\/542076\/","title":{"rendered":"Denim Premi\u00e8re Vision met le cap sur le printemps-\u00e9t\u00e9 2027"},"content":{"rendered":"<p>\n                                    <b>Publi\u00e9 le<\/b><br \/>\n                                    <\/p>\n<p>                                        18 novembre 2025<\/p>\n<p class=\"article-content col-md-8 offset-md-1\">\n                                Le rendez-vous du Denim tiendra son \u00e9dition d\u00e9di\u00e9e au printemps-\u00e9t\u00e9 2027 au Superstudio Pi\u00f9 de Milan les 26 et 27 novembre. Une \u00e9dition qui rassemblera 65 exposants, dont 45 fabricants de mati\u00e8res.<\/p>\n<p><img decoding=\"async\" class=\"news-image\" style=\"width:100%;\" src=\"https:\/\/www.europesays.com\/fr\/wp-content\/uploads\/2025\/11\/8864.jpeg\" alt=\"\" loading=\"lazy\"\/> Denim PV<\/p>\n<p>Une quinzaine de nationalit\u00e9s seront repr\u00e9sent\u00e9es parmi les expositions de cette session italienne, qui annonce notamment la pr\u00e9sence de cinq fabricants d\u2019accessoires pour l\u2019industrie (zip, boutons, rivets\u2026), ainsi que trois fabricants de fils et fibres avec Casati Flock, Mic et XLance. Le salon proposera par ailleurs une douzaine de fabricants, repr\u00e9sentant notamment les industries turque, italienne, chinoise et portugaise.<\/p>\n<p>\u201cC&rsquo;est quelque chose d&rsquo;int\u00e9ressant et nouveau car, il y a plusieurs ann\u00e9es, nous n&rsquo;avions pas de pr\u00e9sence de fabricants de v\u00eatements du Portugal. Aujourd\u2019hui, nous en avons deux avec Pizarro et IVN Industria\u201d, pointe aupr\u00e8s de FashionNetwork le directeur du salon, Fabio Adami Dalla Val. Ce dernier se f\u00e9licite par ailleurs de la pr\u00e9sence d\u2019une dizaine d\u2019entreprises japonaises sur cette \u00e9dition.<\/p>\n<p class=\"col-md-8 offset-md-1 article-content--texte\">Pens\u00e9 comme une vitrine mondiale des \u00e9volutions du denim, le salon proposera pour la 8\u1d49 fois son \u201cDenim Fashion District\u201d. Confi\u00e9 \u00e0 la cr\u00e9atrice Olivia Spinelli et \u00e0 Opaa Studio, cet espace mettra en avant le travail de 23 marques innovantes, dont <a class=\"fnwAddLinks\" href=\"https:\/\/be.fashionnetwork.com\/tags-adriano-goldschmied\" title=\"Adriano Goldschmied\" target=\"_blank\" rel=\"noopener\">Adriano Goldschmied<\/a> (Daily Blue).<\/p>\n<p>Le salon proposera \u00e9galement un espace tendance. \u201cC\u2019est le c\u0153ur du salon\u201d, souligne son directeur. \u201cL\u2019objectif est de donner au visiteur une vision d\u2019ensemble pertinente de ce qu\u2019il se passe dans le denim, que ce soit en termes de tendances, de mati\u00e8res ou de technologie\u201d. Cette zone accueillera par ailleurs le projet Underrated, qui a r\u00e9uni fabricants, tisseurs et sp\u00e9cialistes de l\u2019impression autour du cr\u00e9ateur Kristian Guerra le temps d\u2019une collection.<\/p>\n<p><img decoding=\"async\" class=\"news-image\" style=\"width:100%;\" src=\"https:\/\/www.europesays.com\/fr\/wp-content\/uploads\/2025\/11\/ac45.jpeg\" alt=\"\" loading=\"lazy\"\/> Denim PV<\/p>\n<p>Un cycle de conf\u00e9rences accompagnera ces deux jours de rencontres, avec plusieurs points sur les tendances pour le printemps-\u00e9t\u00e9 2027, mais aussi des prises de parole comme celles des directeurs cr\u00e9atifs de <a class=\"fnwAddLinks\" href=\"https:\/\/be.fashionnetwork.com\/tags-g-star\" title=\"G-Star\" target=\"_blank\" rel=\"noopener\">G-Star<\/a>, <a class=\"fnwAddLinks\" href=\"https:\/\/be.fashionnetwork.com\/tags-lisi-herrebrugh\" title=\"Lisi Herrebrugh\" target=\"_blank\" rel=\"noopener\">Lisi Herrebrugh<\/a> et <a class=\"fnwAddLinks\" href=\"https:\/\/be.fashionnetwork.com\/tags-rushemy-botter\" title=\"Rushemy Botter\" target=\"_blank\" rel=\"noopener\">Rushemy Botter<\/a>. Un d\u00e9bat sur le secteur r\u00e9unira Maurizio Donadi (<a class=\"fnwAddLinks\" href=\"https:\/\/be.fashionnetwork.com\/tags-champion\" title=\"Champion\" target=\"_blank\" rel=\"noopener\">Champion<\/a>), Adriano Goldschmied, et le duo form\u00e9 par Manuela Mariotti et Massimo Berloni, cofondateurs de Seafarer.<\/p>\n<p>La question strat\u00e9gique de la teinture sera par ailleurs \u00e9voqu\u00e9e lors d\u2019une conf\u00e9rence r\u00e9unissant trois acteurs innovants du secteur : l\u2019Am\u00e9ricain Chloris pour ses colorants bleus biosourc\u00e9s par fermentation microbienne, l\u2019Italien Officina 39 pour ses colorants et pigments durables, et le Britannique Infinity Blue pour son proc\u00e9d\u00e9 de r\u00e9cup\u00e9ration de l\u2019indigo dans les d\u00e9chets textiles.<\/p>\n<p>La pr\u00e9c\u00e9dente \u00e9dition du salon Denim <a class=\"fnwAddLinks\" href=\"https:\/\/be.fashionnetwork.com\/tags-premiere-vision\" title=\"Premi\u00e8re Vision\" target=\"_blank\" rel=\"noopener\">Premi\u00e8re Vision<\/a>, qui s\u2019\u00e9tait tenue \u00e0 Milan les 21 et 22 mai derniers, <a href=\"https:\/\/fr.fashionnetwork.com\/news\/Denim-premiere-vision-une-edition-entre-valeurs-sures-et-nouvelles-propositions,1733270.html\" target=\"_blank\" rel=\"noopener\">avait r\u00e9uni 2.100 visiteurs autour de 84 exposants<\/a>.\n                            <\/p>\n<p>\n                                Tous droits de reproduction et de repr\u00e9sentation r\u00e9serv\u00e9s.<br \/>\u00a9 2025 FashionNetwork.com\n                            <\/p>\n","protected":false},"excerpt":{"rendered":"Publi\u00e9 le 18 novembre 2025 Le rendez-vous du Denim tiendra son \u00e9dition d\u00e9di\u00e9e au printemps-\u00e9t\u00e9 2027 au Superstudio&hellip;\n","protected":false},"author":2,"featured_media":541960,"comment_status":"","ping_status":"","sticky":false,"template":"","format":"standard","meta":{"footnotes":""},"categories":[1888],"tags":[11,66020,2424,3362,537,2423,1777,674,1011,27,6479,66022,2425,985,12,2298,626,6866,2426,2427,25,2421,66021,2422],"class_list":{"0":"post-542076","1":"post","2":"type-post","3":"status-publish","4":"format-standard","5":"has-post-thumbnail","7":"category-paris","8":"tag-actualites","9":"tag-adriano-goldschmied","10":"tag-beaute","11":"tag-champion","12":"tag-contact","13":"tag-cosmetiques","14":"tag-eu","15":"tag-europe","16":"tag-fr","17":"tag-france","18":"tag-g-star","19":"tag-lisi-herrebrugh","20":"tag-luxe","21":"tag-mode","22":"tag-news","23":"tag-parfum","24":"tag-paris","25":"tag-premiere-vision","26":"tag-professionnel","27":"tag-professionnels","28":"tag-republique-francaise","29":"tag-reseau","30":"tag-rushemy-botter","31":"tag-textile"},"share_on_mastodon":{"url":"https:\/\/pubeurope.com\/@fr\/115569703076310704","error":""},"_links":{"self":[{"href":"https:\/\/www.europesays.com\/fr\/wp-json\/wp\/v2\/posts\/542076","targetHints":{"allow":["GET"]}}],"collection":[{"href":"https:\/\/www.europesays.com\/fr\/wp-json\/wp\/v2\/posts"}],"about":[{"href":"https:\/\/www.europesays.com\/fr\/wp-json\/wp\/v2\/types\/post"}],"author":[{"embeddable":true,"href":"https:\/\/www.europesays.com\/fr\/wp-json\/wp\/v2\/users\/2"}],"replies":[{"embeddable":true,"href":"https:\/\/www.europesays.com\/fr\/wp-json\/wp\/v2\/comments?post=542076"}],"version-history":[{"count":0,"href":"https:\/\/www.europesays.com\/fr\/wp-json\/wp\/v2\/posts\/542076\/revisions"}],"wp:featuredmedia":[{"embeddable":true,"href":"https:\/\/www.europesays.com\/fr\/wp-json\/wp\/v2\/media\/541960"}],"wp:attachment":[{"href":"https:\/\/www.europesays.com\/fr\/wp-json\/wp\/v2\/media?parent=542076"}],"wp:term":[{"taxonomy":"category","embeddable":true,"href":"https:\/\/www.europesays.com\/fr\/wp-json\/wp\/v2\/categories?post=542076"},{"taxonomy":"post_tag","embeddable":true,"href":"https:\/\/www.europesays.com\/fr\/wp-json\/wp\/v2\/tags?post=542076"}],"curies":[{"name":"wp","href":"https:\/\/api.w.org\/{rel}","templated":true}]}}