{"id":542077,"date":"2025-11-18T08:14:11","date_gmt":"2025-11-18T08:14:11","guid":{"rendered":"https:\/\/www.europesays.com\/fr\/542077\/"},"modified":"2025-11-18T08:14:11","modified_gmt":"2025-11-18T08:14:11","slug":"le-budget-de-la-ville-de-paris-tutoiera-les-10-milliards-deuros-de-dette-fin-2026","status":"publish","type":"post","link":"https:\/\/www.europesays.com\/fr\/542077\/","title":{"rendered":"Le budget de la ville de Paris tutoiera les 10 milliards d\u2019euros de dette fin 2026"},"content":{"rendered":"<p>C\u2019est un passage oblig\u00e9 dans toute collectivit\u00e9 territoriale, qu\u2019il y ait des \u00e9lections municipales ou non l\u2019ann\u00e9e suivante. Le Conseil de Paris d\u00e9bat, ce mardi matin, sur les orientations budg\u00e9taires de la ville. \u00ab\u00a0Il s\u2019agit d\u2019\u00e9clairer le d\u00e9bat budg\u00e9taire en donnant aux \u00e9lus les grandes hypoth\u00e8ses pour construire le budget\u00a0\u00bb, explique, \u00e0 La Tribune, Paul Simondon, l\u2019adjoint (PS) aux Finances d\u2019Anne Hidalgo. Et pour cause\u00a0: comme chaque ann\u00e9e, le budget sera pr\u00e9sent\u00e9 en d\u00e9cembre, trois mois avant le scrutin local.<\/p>\n<p>L\u2019incertitude \u00e9conomique tient aux recettes de TVA, mais aussi au march\u00e9 de l\u2019immobilier ancien. La capitale \u00e9tant \u00e0 la fois une commune et un d\u00e9partement, elle per\u00e7oit des droits de mutation \u00e0 titre on\u00e9reux (DMTO) qui entrent dans le calcul des frais de notaire dont s\u2019acquitte tout acheteur d\u2019un logement existant.<\/p>\n","protected":false},"excerpt":{"rendered":"C\u2019est un passage oblig\u00e9 dans toute collectivit\u00e9 territoriale, qu\u2019il y ait des \u00e9lections municipales ou non l\u2019ann\u00e9e suivante.&hellip;\n","protected":false},"author":2,"featured_media":542078,"comment_status":"","ping_status":"","sticky":false,"template":"","format":"standard","meta":{"footnotes":""},"categories":[1888],"tags":[930,5481,17,5734,11,1003,10183,6327,33,1777,674,5729,1011,27,10260,12,626,25,66037,4824],"class_list":{"0":"post-542077","1":"post","2":"type-post","3":"status-publish","4":"format-standard","5":"has-post-thumbnail","7":"category-paris","8":"tag-le","9":"tag-5481","10":"tag-17","11":"tag-5734","12":"tag-actualites","13":"tag-budget","14":"tag-deuros","15":"tag-dette","16":"tag-economie","17":"tag-eu","18":"tag-europe","19":"tag-fin","20":"tag-fr","21":"tag-france","22":"tag-milliards","23":"tag-news","24":"tag-paris","25":"tag-republique-francaise","26":"tag-tutoiera","27":"tag-ville"},"share_on_mastodon":{"url":"https:\/\/pubeurope.com\/@fr\/115569706194894697","error":""},"_links":{"self":[{"href":"https:\/\/www.europesays.com\/fr\/wp-json\/wp\/v2\/posts\/542077","targetHints":{"allow":["GET"]}}],"collection":[{"href":"https:\/\/www.europesays.com\/fr\/wp-json\/wp\/v2\/posts"}],"about":[{"href":"https:\/\/www.europesays.com\/fr\/wp-json\/wp\/v2\/types\/post"}],"author":[{"embeddable":true,"href":"https:\/\/www.europesays.com\/fr\/wp-json\/wp\/v2\/users\/2"}],"replies":[{"embeddable":true,"href":"https:\/\/www.europesays.com\/fr\/wp-json\/wp\/v2\/comments?post=542077"}],"version-history":[{"count":0,"href":"https:\/\/www.europesays.com\/fr\/wp-json\/wp\/v2\/posts\/542077\/revisions"}],"wp:featuredmedia":[{"embeddable":true,"href":"https:\/\/www.europesays.com\/fr\/wp-json\/wp\/v2\/media\/542078"}],"wp:attachment":[{"href":"https:\/\/www.europesays.com\/fr\/wp-json\/wp\/v2\/media?parent=542077"}],"wp:term":[{"taxonomy":"category","embeddable":true,"href":"https:\/\/www.europesays.com\/fr\/wp-json\/wp\/v2\/categories?post=542077"},{"taxonomy":"post_tag","embeddable":true,"href":"https:\/\/www.europesays.com\/fr\/wp-json\/wp\/v2\/tags?post=542077"}],"curies":[{"name":"wp","href":"https:\/\/api.w.org\/{rel}","templated":true}]}}