{"id":542079,"date":"2025-11-18T08:15:18","date_gmt":"2025-11-18T08:15:18","guid":{"rendered":"https:\/\/www.europesays.com\/fr\/542079\/"},"modified":"2025-11-18T08:15:18","modified_gmt":"2025-11-18T08:15:18","slug":"lancien-president-francois-hollande-accuse-la-russie-davoir-destabilise-le-mali-a-linstar-de-lukraine","status":"publish","type":"post","link":"https:\/\/www.europesays.com\/fr\/542079\/","title":{"rendered":"L\u2019ancien pr\u00e9sident Fran\u00e7ois Hollande accuse la Russie d\u2019avoir d\u00e9stabilis\u00e9 le Mali, \u00e0 l\u2019instar de l\u2019Ukraine"},"content":{"rendered":"<p style=\"text-align:justify;\">AA \/ Istanbul \/ Seyma Erkul Dayanc<\/p>\n<p style=\"text-align:justify;\">L\u2019ancien pr\u00e9sident fran\u00e7ais Fran\u00e7ois Hollande (2012\u20112017) accuse la Russie d\u2019avoir d\u00e9stabilis\u00e9 le Mali, \u00e9tablissant un parall\u00e8le entre le conflit en Ukraine et ses r\u00e9percussions sur le Sahel.<\/p>\n<p style=\"text-align:justify;\">Fran\u00e7ois Hollande a affirm\u00e9 lundi, sur France Inter, qu\u2019\u00ab\u202fil y a un lien entre le Mali et l\u2019Ukraine\u202f\u00bb, en accusant les services russes d\u2019avoir \u00ab\u202fd\u2019abord d\u00e9stabilis\u00e9\u202f\u00bb le Mali tout en promettant une s\u00e9curit\u00e9 qu\u2019ils n\u2019auraient pas assur\u00e9. Il a jug\u00e9 que la capitale Bamako \u00e9tait aujourd\u2019hui \u00ab\u202fasphyxi\u00e9e\u202f\u00bb et mis en garde contre un effondrement dont les cons\u00e9quences d\u00e9passeraient largement le Mali. Les groupes arm\u00e9s paralysent la capitale en emp\u00eachant le carburant d\u2019y entrer.<\/p>\n<p style=\"text-align:justify;\">Selon lui, la chute potentielle du Mali toucherait \u00ab\u202ftout le continent africain\u202f\u00bb \u2014 notamment le Niger, le Burkina Faso et le S\u00e9n\u00e9gal \u2014 et aurait \u00e9galement des r\u00e9percussions en Europe. \u00ab\u202fLes conflits doivent \u00eatre analys\u00e9s par rapport \u00e0 ce qu\u2019ils provoquent sur place, mais aussi avec leurs effets sur notre propre continent\u202f\u00bb, a-t-il ajout\u00e9. Pour Hollande, \u00ab\u202fles Russes sont d\u00e9sireux de d\u00e9stabiliser non seulement le Mali, mais aussi la France\u202f\u00bb.<\/p>\n<p style=\"text-align:justify;\">Il a par ailleurs rappel\u00e9 le co\u00fbt humain de l\u2019engagement fran\u00e7ais au Sahel, \u00e9voquant \u00ab\u202fplus de 50 morts de soldats et de nombreux bless\u00e9s\u202f\u00bb pour \u00ab\u202f\u00e9viter que le Mali tombe sous la coupe des terroristes\u202f\u00bb. Concernant le retrait fran\u00e7ais, il a d\u00e9clar\u00e9 qu\u2019il \u00ab\u202fne souhaitait pas donner ici les raisons\u202f\u00bb, tout en affirmant que le coup d\u2019\u00c9tat militaire malien \u00ab\u202fn\u2019aurait jamais d\u00fb \u00eatre tol\u00e9r\u00e9\u202f\u00bb et estimant que la France aurait d\u00fb \u00ab\u202fcondamner beaucoup plus franchement\u202f\u00bb ce basculement, m\u00eame si, selon lui, le r\u00e9gime en place \u00ab\u202fpouvait \u00eatre qualifi\u00e9 de d\u00e9mocratique\u202f\u00bb malgr\u00e9 \u00ab\u202fdes aberrations\u202f\u00bb.<\/p>\n<p style=\"text-align:justify;\"><strong>Pr\u00e9sence russe au Mali<\/strong><\/p>\n<p style=\"text-align:justify;\">Pour rappel, le groupe Wagner serait intervenu au Mali \u00e0 la demande des autorit\u00e9s maliennes, apr\u00e8s le coup d\u2019\u00c9tat, pour soutenir le pays dans la lutte contre le terrorisme, ce que le Mali n\u2019a jamais confirm\u00e9.<\/p>\n<p style=\"text-align:justify;\">Wagner a annonc\u00e9 son retrait du Mali le 6 juin 2025 dans un message diffus\u00e9 sur la plateforme sociale Telegram, bas\u00e9 aux \u00c9mirats arabes unis, d\u00e9clarant que \u00ab la mission est accomplie \u00bb et que \u00ab la SMP Wagner rentre \u00e0 la maison \u00bb. Selon ce message, le groupe affirme avoir \u00ab contribu\u00e9 \u00e0 constituer une arm\u00e9e malienne solide et disciplin\u00e9e \u00bb et avoir \u00e9limin\u00e9 \u00ab des milliers de combattants et leurs chefs \u00bb.<\/p>\n<p style=\"text-align:justify;\">Cependant, selon des sources diplomatiques cit\u00e9es par Boursorama, un site fran\u00e7ais d\u2019informations, en juin 2025, ce d\u00e9part ne marquerait pas la fin de la pr\u00e9sence russe dans le pays\u202f: la force paramilitaire Africa Corps, plac\u00e9e sous la supervision du minist\u00e8re russe de la D\u00e9fense, prendrait progressivement le relais. Selon The Moscow Times, un journal anglophone bas\u00e9 \u00e0 Moscou, en juin 2025, \u00ab\u202fl\u2019essentiel du personnel de Wagner au Mali et originaire de Russie serait r\u00e9int\u00e9gr\u00e9 au sein de l\u2019Africa Corps\u202f\u00bb, indiquant que la transition s\u2019inscrirait dans une continuit\u00e9 op\u00e9rationnelle plut\u00f4t qu\u2019un retrait total.<\/p>\n<p style=\"text-align:justify;\">Du c\u00f4t\u00e9 russe, la position officielle \u00e9tait rest\u00e9e inchang\u00e9e. Le porte-parole du Kremlin, Dmitri\u202fPeskov, d\u00e9clarait en septembre 2021 qu\u2019\u00ab il n\u2019y avait aucun repr\u00e9sentant des forces arm\u00e9es russes au Mali \u00bb et qu\u2019\u00ab aucune n\u00e9gociation officielle n\u2019\u00e9tait en cours \u00bb. Il avait \u00e9galement soulign\u00e9 qu\u2019il n\u2019existait pas de preuve cr\u00e9dible d\u2019un lien structurel entre l\u2019\u00c9tat russe et des groupes paramilitaires intervenant au Mali, rejetant ainsi les all\u00e9gations fran\u00e7aises comme \u00ab exag\u00e9r\u00e9es \u00bb ou infond\u00e9es.<\/p>\n<p style=\"text-align:justify;\">En r\u00e9ponse aux critiques fran\u00e7aises, notamment celles du pr\u00e9sident Emmanuel Macron l\u2019accusant de d\u00e9stabiliser le Mali, le Kremlin avait rejet\u00e9 ces all\u00e9gations. Peskov avait affirm\u00e9 que les relations de Moscou avec les pays africains \u00ab \u00e9taient amicales, constructives et ne visaient pas des tiers \u00bb.<\/p>\n<p style=\"text-align:justify;\">Au-del\u00e0 du d\u00e9menti, la Russie avait renvers\u00e9 le reproche\u202f: Sergue\u00ef Lavrov, ministre des Affaires \u00e9trang\u00e8res, avait accus\u00e9 la France de s\u2019\u00eatre immisc\u00e9e dans les affaires int\u00e9rieures des pays africains. Selon lui, Paris avait appliqu\u00e9 une mentalit\u00e9 n\u00e9ocoloniale et des strat\u00e9gies \u00ab diviser pour mieux r\u00e9gner \u00bb, notamment en Libye et au Sahel. Lavrov citait explicitement le Mali, all\u00e9guant que la France avait d\u00e9j\u00e0 jou\u00e9 un r\u00f4le contraire \u00e0 la souverainet\u00e9 de certains \u00c9tats africains.<\/p>\n<p style=\"text-align:justify;\"><strong>R\u00e9actions maliennes<\/strong><\/p>\n<p style=\"text-align:justify;\">Dans le cas du Mali, par la voie de son Premier ministre, qui avait vivement critiqu\u00e9 les commentaires fran\u00e7ais, Choguel Kokalla Ma\u00efga, ancien Premier ministre de la transition (2021\u20112024), avait accus\u00e9 la France dans une interview \u00e0 Anadolu, qualifiant ses actions d\u2019\u00ab exercer un terrorisme politique, m\u00e9diatique et diplomatique \u00bb contre le gouvernement malien. Il affirmait que certaines d\u00e9cisions, comme les sanctions, \u00e9taient \u00ab inspir\u00e9es par un agenda ext\u00e9rieur aux int\u00e9r\u00eats du peuple malien \u00bb.<\/p>\n<p style=\"text-align:justify;\">Les autorit\u00e9s maliennes insistent sur le fait qu\u2019il ne s\u2019agit pas de mercenaires, mais d\u2019un partenariat \u00ab\u202fd\u2019\u00c9tat \u00e0 \u00c9tat\u202f\u00bb avec la Russie.<\/p>\n<p>                            &#13;<br \/>\n                                <a href=\"https:\/\/www.aa.com.tr\/fr\/p\/abonnement\/1001\" target=\"_blank\" style=\"font-size:12px; color:#444; text-decoration:none;\" rel=\"noopener\">&#13;<br \/>\n                                    Seulement une partie des d\u00e9p\u00eaches, que l&rsquo;Agence Anadolu diffuse \u00e0 ses abonn\u00e9s via le Syst\u00e8me de Diffusion interne (HAS), est diffus\u00e9e sur le site de l&rsquo;AA, de mani\u00e8re r\u00e9sum\u00e9e. <b style=\"color:#1897F7\">Contactez-nous s&rsquo;il vous pla\u00eet pour vous abonner.<\/b>&#13;<br \/>\n                                <\/a>&#13;<\/p>\n","protected":false},"excerpt":{"rendered":"AA \/ Istanbul \/ Seyma Erkul Dayanc L\u2019ancien pr\u00e9sident fran\u00e7ais Fran\u00e7ois Hollande (2012\u20112017) accuse la Russie d\u2019avoir d\u00e9stabilis\u00e9&hellip;\n","protected":false},"author":2,"featured_media":542080,"comment_status":"","ping_status":"","sticky":false,"template":"","format":"standard","meta":{"footnotes":""},"categories":[1591],"tags":[11,1785,1887,66038,27,1136,12,1885,1886,132],"class_list":{"0":"post-542079","1":"post","2":"type-post","3":"status-publish","4":"format-standard","5":"has-post-thumbnail","7":"category-russie","8":"tag-actualites","9":"tag-anadolu-ajansi","10":"tag-federation-de-russie","11":"tag-franois-hollande","12":"tag-france","13":"tag-mali","14":"tag-news","15":"tag-russia","16":"tag-russian-federation","17":"tag-russie"},"share_on_mastodon":{"url":"https:\/\/pubeurope.com\/@fr\/115569709891345989","error":""},"_links":{"self":[{"href":"https:\/\/www.europesays.com\/fr\/wp-json\/wp\/v2\/posts\/542079","targetHints":{"allow":["GET"]}}],"collection":[{"href":"https:\/\/www.europesays.com\/fr\/wp-json\/wp\/v2\/posts"}],"about":[{"href":"https:\/\/www.europesays.com\/fr\/wp-json\/wp\/v2\/types\/post"}],"author":[{"embeddable":true,"href":"https:\/\/www.europesays.com\/fr\/wp-json\/wp\/v2\/users\/2"}],"replies":[{"embeddable":true,"href":"https:\/\/www.europesays.com\/fr\/wp-json\/wp\/v2\/comments?post=542079"}],"version-history":[{"count":0,"href":"https:\/\/www.europesays.com\/fr\/wp-json\/wp\/v2\/posts\/542079\/revisions"}],"wp:featuredmedia":[{"embeddable":true,"href":"https:\/\/www.europesays.com\/fr\/wp-json\/wp\/v2\/media\/542080"}],"wp:attachment":[{"href":"https:\/\/www.europesays.com\/fr\/wp-json\/wp\/v2\/media?parent=542079"}],"wp:term":[{"taxonomy":"category","embeddable":true,"href":"https:\/\/www.europesays.com\/fr\/wp-json\/wp\/v2\/categories?post=542079"},{"taxonomy":"post_tag","embeddable":true,"href":"https:\/\/www.europesays.com\/fr\/wp-json\/wp\/v2\/tags?post=542079"}],"curies":[{"name":"wp","href":"https:\/\/api.w.org\/{rel}","templated":true}]}}