{"id":542085,"date":"2025-11-18T08:18:13","date_gmt":"2025-11-18T08:18:13","guid":{"rendered":"https:\/\/www.europesays.com\/fr\/542085\/"},"modified":"2025-11-18T08:18:13","modified_gmt":"2025-11-18T08:18:13","slug":"le-royaume-uni-va-interdire-la-revente-de-billets-a-prix-gonfles-annonce-un-ministre","status":"publish","type":"post","link":"https:\/\/www.europesays.com\/fr\/542085\/","title":{"rendered":"Le Royaume-Uni va interdire la revente de billets \u00e0 prix gonfl\u00e9s, annonce un ministre"},"content":{"rendered":"<p>Le Royaume-Uni s&rsquo;appr\u00eate \u00e0 interdire la revente de billets pour des \u00e9v\u00e9nements en direct, tels que des concerts ou des spectacles, \u00e0 des prix sup\u00e9rieurs \u00e0 leur valeur d&rsquo;origine, a d\u00e9clar\u00e9 mardi Steve Reed, ministre britannique du Logement.<\/p>\n<p>Il a d\u00e9nonc\u00e9 la pratique du \u00ab\u00a0ticket touting\u00a0\u00bb &#8212; des personnes qui ach\u00e8tent des billets pour les revendre \u00e0 des prix multipli\u00e9s par rapport \u00e0 leur valeur faciale &#8211;, estimant qu&rsquo;elle portait un pr\u00e9judice consid\u00e9rable aux particuliers contraints de payer \u00ab\u00a0le prix fort\u00a0\u00bb pour assister \u00e0 ces \u00e9v\u00e9nements.<\/p>\n<p>\u00ab\u00a0Nous sommes d\u00e9termin\u00e9s \u00e0 mettre fin au scandale des revendeurs de billets\u00a0\u00bb, a-t-il affirm\u00e9 mardi \u00e0 BBC News, pr\u00e9cisant que les d\u00e9tails du projet seraient prochainement pr\u00e9sent\u00e9s par les ministres.<\/p>\n","protected":false},"excerpt":{"rendered":"Le Royaume-Uni s&rsquo;appr\u00eate \u00e0 interdire la revente de billets pour des \u00e9v\u00e9nements en direct, tels que des concerts&hellip;\n","protected":false},"author":2,"featured_media":542086,"comment_status":"","ping_status":"","sticky":false,"template":"","format":"standard","meta":{"footnotes":""},"categories":[1588],"tags":[11,340,1777,674,12,473,1853,1851,1850,1852],"class_list":{"0":"post-542085","1":"post","2":"type-post","3":"status-publish","4":"format-standard","5":"has-post-thumbnail","7":"category-royaume-uni","8":"tag-actualites","9":"tag-bourse","10":"tag-eu","11":"tag-europe","12":"tag-news","13":"tag-royaume-uni","14":"tag-royaume-uni-de-grande-bretagne-et-dirlande-du-nord","15":"tag-uk","16":"tag-united-kingdom","17":"tag-united-kingdom-of-great-britain-and-northern-ireland"},"share_on_mastodon":{"url":"https:\/\/pubeurope.com\/@fr\/115569721655644692","error":""},"_links":{"self":[{"href":"https:\/\/www.europesays.com\/fr\/wp-json\/wp\/v2\/posts\/542085","targetHints":{"allow":["GET"]}}],"collection":[{"href":"https:\/\/www.europesays.com\/fr\/wp-json\/wp\/v2\/posts"}],"about":[{"href":"https:\/\/www.europesays.com\/fr\/wp-json\/wp\/v2\/types\/post"}],"author":[{"embeddable":true,"href":"https:\/\/www.europesays.com\/fr\/wp-json\/wp\/v2\/users\/2"}],"replies":[{"embeddable":true,"href":"https:\/\/www.europesays.com\/fr\/wp-json\/wp\/v2\/comments?post=542085"}],"version-history":[{"count":0,"href":"https:\/\/www.europesays.com\/fr\/wp-json\/wp\/v2\/posts\/542085\/revisions"}],"wp:featuredmedia":[{"embeddable":true,"href":"https:\/\/www.europesays.com\/fr\/wp-json\/wp\/v2\/media\/542086"}],"wp:attachment":[{"href":"https:\/\/www.europesays.com\/fr\/wp-json\/wp\/v2\/media?parent=542085"}],"wp:term":[{"taxonomy":"category","embeddable":true,"href":"https:\/\/www.europesays.com\/fr\/wp-json\/wp\/v2\/categories?post=542085"},{"taxonomy":"post_tag","embeddable":true,"href":"https:\/\/www.europesays.com\/fr\/wp-json\/wp\/v2\/tags?post=542085"}],"curies":[{"name":"wp","href":"https:\/\/api.w.org\/{rel}","templated":true}]}}