{"id":542087,"date":"2025-11-18T08:19:18","date_gmt":"2025-11-18T08:19:18","guid":{"rendered":"https:\/\/www.europesays.com\/fr\/542087\/"},"modified":"2025-11-18T08:19:18","modified_gmt":"2025-11-18T08:19:18","slug":"les-permis-de-construire-dappartements-en-allemagne-bondissent-de-60-en-septembre-signe-dune-reprise-du-secteur","status":"publish","type":"post","link":"https:\/\/www.europesays.com\/fr\/542087\/","title":{"rendered":"Les permis de construire d&rsquo;appartements en Allemagne bondissent de 60\u00a0% en septembre, signe d&rsquo;une reprise du secteur"},"content":{"rendered":"<p>Les permis de construire d&rsquo;appartements en Allemagne ont augment\u00e9 de 60\u00a0% en septembre par rapport \u00e0 l&rsquo;ann\u00e9e pr\u00e9c\u00e9dente, selon les donn\u00e9es publi\u00e9es mardi par l&rsquo;office f\u00e9d\u00e9ral des statistiques, alors que le secteur immobilier du pays montre de nouveaux signes de reprise.<\/p>\n<p>\nLe niveau enregistr\u00e9 en septembre de l&rsquo;ann\u00e9e pr\u00e9c\u00e9dente \u00e9tait particuli\u00e8rement faible, atteignant son point le plus bas depuis janvier 2012.<\/p>\n","protected":false},"excerpt":{"rendered":"Les permis de construire d&rsquo;appartements en Allemagne ont augment\u00e9 de 60\u00a0% en septembre par rapport \u00e0 l&rsquo;ann\u00e9e pr\u00e9c\u00e9dente,&hellip;\n","protected":false},"author":2,"featured_media":542088,"comment_status":"","ping_status":"","sticky":false,"template":"","format":"standard","meta":{"footnotes":""},"categories":[1587],"tags":[11,672,340,1804,1805,1803,1777,674,1801,12,1802],"class_list":{"0":"post-542087","1":"post","2":"type-post","3":"status-publish","4":"format-standard","5":"has-post-thumbnail","7":"category-allemagne","8":"tag-actualites","9":"tag-allemagne","10":"tag-bourse","11":"tag-bundesrepublik-deutschland","12":"tag-de","13":"tag-deutschland","14":"tag-eu","15":"tag-europe","16":"tag-germany","17":"tag-news","18":"tag-republique-federale-dallemagne"},"share_on_mastodon":{"url":"https:\/\/pubeurope.com\/@fr\/115569725617311343","error":""},"_links":{"self":[{"href":"https:\/\/www.europesays.com\/fr\/wp-json\/wp\/v2\/posts\/542087","targetHints":{"allow":["GET"]}}],"collection":[{"href":"https:\/\/www.europesays.com\/fr\/wp-json\/wp\/v2\/posts"}],"about":[{"href":"https:\/\/www.europesays.com\/fr\/wp-json\/wp\/v2\/types\/post"}],"author":[{"embeddable":true,"href":"https:\/\/www.europesays.com\/fr\/wp-json\/wp\/v2\/users\/2"}],"replies":[{"embeddable":true,"href":"https:\/\/www.europesays.com\/fr\/wp-json\/wp\/v2\/comments?post=542087"}],"version-history":[{"count":0,"href":"https:\/\/www.europesays.com\/fr\/wp-json\/wp\/v2\/posts\/542087\/revisions"}],"wp:featuredmedia":[{"embeddable":true,"href":"https:\/\/www.europesays.com\/fr\/wp-json\/wp\/v2\/media\/542088"}],"wp:attachment":[{"href":"https:\/\/www.europesays.com\/fr\/wp-json\/wp\/v2\/media?parent=542087"}],"wp:term":[{"taxonomy":"category","embeddable":true,"href":"https:\/\/www.europesays.com\/fr\/wp-json\/wp\/v2\/categories?post=542087"},{"taxonomy":"post_tag","embeddable":true,"href":"https:\/\/www.europesays.com\/fr\/wp-json\/wp\/v2\/tags?post=542087"}],"curies":[{"name":"wp","href":"https:\/\/api.w.org\/{rel}","templated":true}]}}