{"id":542096,"date":"2025-11-18T08:24:14","date_gmt":"2025-11-18T08:24:14","guid":{"rendered":"https:\/\/www.europesays.com\/fr\/542096\/"},"modified":"2025-11-18T08:24:14","modified_gmt":"2025-11-18T08:24:14","slug":"les-antibiotiques-redeviennent-un-peu-trop-automatiques-en-france","status":"publish","type":"post","link":"https:\/\/www.europesays.com\/fr\/542096\/","title":{"rendered":"Les antibiotiques redeviennent un peu trop automatiques en France"},"content":{"rendered":"<p> \u00abLes antibiotiques, c\u2019est pas automatique\u00a0\u00bb. Cette campagne de communication lanc\u00e9e au d\u00e9but des ann\u00e9es\u00a02000 a marqu\u00e9 des g\u00e9n\u00e9rations enti\u00e8res, qui se souviendront toute leur vie de ce slogan bien trouv\u00e9. En\u00a02025, le constat est pourtant amer. Alors qu\u2019elle affiche des objectifs ambitieux <a href=\"https:\/\/www.20minutes.fr\/sante\/4063741-20231123-surconsommer-antibiotiques-nuit-gravement-efficacite-previent-oms\" class=\"c-link c-link--is-underlined\" target=\"_blank\" rel=\"noopener\">de r\u00e9duction de la consommation des fameux \u00ab\u00a0antibios\u00a0\u00bb<\/a>, la France n\u2019y arrive pas. Apr\u00e8s un l\u00e9ger tassement en\u00a02023, la consommation (+\u00a05,4\u00a0% des doses journali\u00e8res pour 1.000 habitants) et la prescription (+\u00a04,8\u00a0%) ont assez nettement augment\u00e9 en\u00a02024, alerte Sant\u00e9 publique France.<\/p>\n<p>A l\u2019occasion de la Semaine mondiale de sensibilisation \u00e0 la r\u00e9sistance aux antimicrobiens, les autorit\u00e9s de sant\u00e9 tentent <a href=\"https:\/\/www.santepubliquefrance.fr\/maladies-et-traumatismes\/infections-associees-aux-soins-et-resistance-aux-antibiotiques\/resistance-aux-antibiotiques\" target=\"_blank\" class=\"c-link c-link--is-underlined\" rel=\"noopener\">d\u2019alerter la population sur les risques<\/a>, notamment l\u2019apparition de bact\u00e9ries r\u00e9sistantes. Oui, les mol\u00e9cules antibiotiques ont r\u00e9volutionn\u00e9 la m\u00e9decine. Mais elles se heurtent aujourd\u2019hui \u00e0 une \u00ab\u00a0antibio r\u00e9sistance\u00a0\u00bb de nos organismes, en raison d\u2019une consommation excessive ou inappropri\u00e9e de ces traitements. C\u2019est par exemple le cas de la grippe saisonni\u00e8re. D\u2019origine virale et non bact\u00e9rienne, cette maladie courante ne doit pas \u00eatre soign\u00e9e avec des antibiotiques, qui sont pourtant r\u00e9guli\u00e8rement prescrits.<\/p>\n<\/p>\n<p>Apr\u00e8s une tendance \u00e0 la baisse depuis\u00a02014 et une chute li\u00e9e au d\u00e9but de la crise Covid, <a href=\"https:\/\/www.20minutes.fr\/sante\/4062253-20231114-consommation-antibiotiques-repartie-hausse-france-apres-covid-19\" class=\"c-link c-link--is-underlined\" target=\"_blank\" rel=\"noopener\">l\u2019usage des antibiotiques avait repris en\u00a02021 et\u00a02022<\/a>, avant un tassement en\u00a02023. Et une nette reprise l\u2019an dernier. La France est \u00ab\u00a0encore loin de l\u2019objectif cible de 650 prescriptions pour 1.000 habitants par an d\u2019ici\u00a02027\u00a0\u00bb, et \u00ab\u00a0occupe le 2e rang des pays consommant le plus d\u2019antibiotiques en Europe\u00a0\u00bb, derri\u00e8re la Gr\u00e8ce, commente le Dr Caroline Semaille, directrice g\u00e9n\u00e9rale de Sant\u00e9 publique France, cit\u00e9e dans un communiqu\u00e9, appelant \u00e0 \u00ab\u00a0continuer \u00e0 mieux sensibiliser\u00a0\u00bb.<\/p>\n<p>La France \u00e0 la deuxi\u00e8me place europ\u00e9enne<\/p>\n<p>Si le pays est pass\u00e9, en un an, de cinqui\u00e8me \u00e0 deuxi\u00e8me, \u00ab\u00a0les donn\u00e9es europ\u00e9ennes (UE, Islande et Norv\u00e8ge) sur la consommation totale d\u2019antibiotiques, en ville et \u00e0 l\u2019h\u00f4pital, sont \u00e0 relativiser\u00a0\u00bb vu les diff\u00e9rences d\u2019acc\u00e8s aux soins et de syst\u00e8mes de sant\u00e9, pr\u00e9cise le Dr R\u00e9mi Lefran\u00e7ois. Le responsable de l\u2019unit\u00e9 infections de SpF assure qu\u2019il faut \u00ab\u00a0faire encore plus pour sensibiliser, convaincre et aider\u00a0\u00bb les m\u00e9decins. C\u00f4t\u00e9 patient, \u00ab\u00a0il faut reprendre notre b\u00e2ton de p\u00e8lerin\u00a0\u00bb\u00a0: \u00ab\u00a0la connaissance des Fran\u00e7ais sur l\u2019antibior\u00e9sistance n\u2019est pas bonne et a tendance \u00e0 s\u2019\u00e9roder\u00a0\u00bb.<\/p>\n<p class=\"mb-xxl@xs color-ultramarine font-weight-semi-bold@xs font-source-serif-pro heading-s@xs\">L\u2019acc\u00e8s \u00e0 ce contenu a \u00e9t\u00e9 bloqu\u00e9 afin de respecter votre choix de consentement<\/p>\n<p class=\"mb-m@xs text-l@xs\">En cliquant sur\u00ab J\u2019accepte \u00bb, vous acceptez le d\u00e9p\u00f4t de cookies par des services externes et aurez ainsi acc\u00e8s aux contenus de nos partenaires.<\/p>\n<p class=\"mb-xl@xs text-s@xs\">Plus d\u2019informations sur la page<a href=\"https:\/\/www.20minutes.fr\/gestion-cookies\" class=\"mx-xxs@xs color-ultramarine\" target=\"_blank\" rel=\"noopener\">Politique de gestion des cookies<\/a><\/p>\n<p>J\u2019accepte<\/p>\n<p>Pour \u00e9viter le sc\u00e9nario noir <a href=\"https:\/\/www.20minutes.fr\/sante\/4110420-20240917-sante-publique-resistante-antibiotiques-pourrait-faire-39-millions-morts-2050\" class=\"c-link c-link--is-underlined\" target=\"_blank\" rel=\"noopener\">de dizaines de millions de morts li\u00e9es \u00e0 l\u2019antibior\u00e9sistance<\/a>, des chercheurs travaillent sur une palette de pistes, comme le d\u00e9veloppement de traitements susceptibles de lutter contre les bact\u00e9ries coriaces sans compromettre l\u2019\u00e9quilibre microbien de l\u2019organisme. D\u2019apr\u00e8s une \u00e9tude publi\u00e9e par The Lancet, 39\u00a0millions de personnes pourraient en mourir ces vingt-cinq prochaines ann\u00e9es.<\/p>\n","protected":false},"excerpt":{"rendered":"\u00abLes antibiotiques, c\u2019est pas automatique\u00a0\u00bb. Cette campagne de communication lanc\u00e9e au d\u00e9but des ann\u00e9es\u00a02000 a marqu\u00e9 des g\u00e9n\u00e9rations&hellip;\n","protected":false},"author":2,"featured_media":542097,"comment_status":"","ping_status":"","sticky":false,"template":"","format":"standard","meta":{"footnotes":""},"categories":[4],"tags":[47,11,26458,1011,27,29786,226,6339,224,225,12,15299,25,71,5699],"class_list":{"0":"post-542096","1":"post","2":"type-post","3":"status-publish","4":"format-standard","5":"has-post-thumbnail","7":"category-france","8":"tag-actualite","9":"tag-actualites","10":"tag-antibiotique","11":"tag-fr","12":"tag-france","13":"tag-grippe","14":"tag-maladie","15":"tag-medecin","16":"tag-medecine","17":"tag-medicament","18":"tag-news","19":"tag-pharmacie","20":"tag-republique-francaise","21":"tag-sante","22":"tag-sante-publique"},"share_on_mastodon":{"url":"https:\/\/pubeurope.com\/@fr\/115569745606906792","error":""},"_links":{"self":[{"href":"https:\/\/www.europesays.com\/fr\/wp-json\/wp\/v2\/posts\/542096","targetHints":{"allow":["GET"]}}],"collection":[{"href":"https:\/\/www.europesays.com\/fr\/wp-json\/wp\/v2\/posts"}],"about":[{"href":"https:\/\/www.europesays.com\/fr\/wp-json\/wp\/v2\/types\/post"}],"author":[{"embeddable":true,"href":"https:\/\/www.europesays.com\/fr\/wp-json\/wp\/v2\/users\/2"}],"replies":[{"embeddable":true,"href":"https:\/\/www.europesays.com\/fr\/wp-json\/wp\/v2\/comments?post=542096"}],"version-history":[{"count":0,"href":"https:\/\/www.europesays.com\/fr\/wp-json\/wp\/v2\/posts\/542096\/revisions"}],"wp:featuredmedia":[{"embeddable":true,"href":"https:\/\/www.europesays.com\/fr\/wp-json\/wp\/v2\/media\/542097"}],"wp:attachment":[{"href":"https:\/\/www.europesays.com\/fr\/wp-json\/wp\/v2\/media?parent=542096"}],"wp:term":[{"taxonomy":"category","embeddable":true,"href":"https:\/\/www.europesays.com\/fr\/wp-json\/wp\/v2\/categories?post=542096"},{"taxonomy":"post_tag","embeddable":true,"href":"https:\/\/www.europesays.com\/fr\/wp-json\/wp\/v2\/tags?post=542096"}],"curies":[{"name":"wp","href":"https:\/\/api.w.org\/{rel}","templated":true}]}}