{"id":542100,"date":"2025-11-18T08:27:09","date_gmt":"2025-11-18T08:27:09","guid":{"rendered":"https:\/\/www.europesays.com\/fr\/542100\/"},"modified":"2025-11-18T08:27:09","modified_gmt":"2025-11-18T08:27:09","slug":"apres-un-debut-de-saison-rate-en-pro-d2-brive-ecarte-son-manager-david-darricarrere-pierre-henry-broncan-reprend-lequipe-lequipe","status":"publish","type":"post","link":"https:\/\/www.europesays.com\/fr\/542100\/","title":{"rendered":"Apr\u00e8s un d\u00e9but de saison rat\u00e9 en Pro D2, Brive \u00e9carte son manager David Darricarr\u00e8re, Pierre-Henry Broncan reprend l&#039;\u00e9quipe &#8211; L&#039;\u00c9quipe"},"content":{"rendered":"<ol>\n<li><a href=\"https:\/\/news.google.com\/rss\/articles\/CBMi_gFBVV95cUxOb1I5NjBTanhnTlN6cHYyUHFwY2tCVXNlQTk1VFI2cGpjc25DcGpqS1RfdFRBYktnZExaMTllMWVCdmdRMFRPeklJS2FISjJ0M3p0Z045TDVRemlqMy05c2JpcGZnMDJwVTZ0YXZYVHZHbnVfc21sT0t6OE9kN1pReTNOdFJUQzFJSzdKNVV1V20tTlpDQlZBTjY0N2h1dHJWTEZKNXVVbEpmRHRULUg5RDRLYjVVZ3dZOTJUYTRRcFpHdGplLU5GckRfbE1mZUl4azVhalE2RFROTTBDdmJUbXlqY2NQaE11OXBJaHUwckdHTU1pYXJPYm1tV1dRdw?oc=5\" target=\"_blank\" rel=\"nofollow noopener\">Apr\u00e8s un d\u00e9but de saison rat\u00e9 en Pro D2, Brive \u00e9carte son manager David Darricarr\u00e8re, Pierre-Henry Broncan reprend l&rsquo;\u00e9quipe<\/a>&nbsp;&nbsp;L&rsquo;\u00c9quipe<\/li>\n<li><a href=\"https:\/\/news.google.com\/rss\/articles\/CBMi-wFBVV95cUxQSGlxUEQxWUUyNlczOGcyN0NneU5ETkJ1eFFuaFB4MHVXRWExTURRRzJjQnZJLXBibU1EWV9mN1EtdzIyUzdsUzFXZ2s3THZ2WW1iWjNYcmdpUzkwRlVkSm9TN3pzUDQ0WDBJSncxMURqMjJXTk1SZm1qT2xmanlkVHFORTFpZHhXMDF1RGlyLUhtRXBkY0NlTEJURVcyYVA4OEhwN1pTd3N0NWlxNUNzNGJjem1FTGNXT3pnYlpwMHBjRGhITGpzRnZJSklYX3UtYXJtNFhzb0ZQMDZMdmtNNDBYMEhNM0dhTFJuMG9WVWNQSTQyNURFSEF0WQ?oc=5\" target=\"_blank\" rel=\"nofollow noopener\">Peut-on d\u00e9j\u00e0 dire que la saison du CA Brive est rat\u00e9e ? \u00c9coutez l&rsquo;\u00e9pisode 12 de la saison 6 du PodCAB<\/a>&nbsp;&nbsp;La Montagne<\/li>\n<li><a href=\"https:\/\/news.google.com\/rss\/articles\/CBMi0gFBVV95cUxOakd1SmJ4dE5qTWY3Y19KVHhnQnBYRUpyenNVdjRRYmlmRGpRQXJtWnN3c3RMeWhSUlVGaHVaSzhrRnRQaFhzZEhUWUdNZ0RmZmUxRlY0NkdWVFNuTnc0SWpVWHE2WThpTjg5Q04xeVRidXRRVW9JSnh3cTdIMFFhSmp6cTQzSnRKeFE5dkRfazBDUVdYeDZoQWc5cjhGMng4Wk4tMmVBTS1XUDBqWmNhVC1TdGpwRmt2YmdLQl93MkFKNFNaLU10TkFPREZ1akhIMHc?oc=5\" target=\"_blank\" rel=\"nofollow noopener\">Brive : Darricarr\u00e8re vers la sortie ? Plusieurs successeurs \u00e9voqu\u00e9s<\/a>&nbsp;&nbsp;Rugbyrama<\/li>\n<li><a href=\"https:\/\/news.google.com\/rss\/articles\/CBMi3wFBVV95cUxPM1BxXzVsREYyTmlzdTU0SWNCWEx0ZDlJMkpkTjl5eE13Z3p6SHZ0bFNKYXRnMEgzVkVybHFWdUF6d2RJdHh2VExQS3ZCaUlRcUFaU3pXeGZRUjBTOHpHb1NBU1ZfdmVHejg5SC1xR2lRTE53dXpOQTJRU2FDcDBQcElDQXhKbzlkNVNidFJ3dXBRdXowNWRJcnhoekxpdHVYZFFxbnRIYTN5QXN5Wm5LTDN5bDhjeTBGclNXamZQdzBOMXZFdzJkRkxvdFduSEY1QzB6NVdMWGdGanlBRi0w?oc=5\" target=\"_blank\" rel=\"nofollow noopener\">CA Brive : le revers de B\u00e9ziers pourrait co\u00fbter cher \u00e0 Darricarr\u00e8re, de potentiels successeurs identifi\u00e9s<\/a>&nbsp;&nbsp;Quinze Mondial<\/li>\n<li><a href=\"https:\/\/news.google.com\/rss\/articles\/CBMiswFBVV95cUxPUm4tWGp3dHVFTUlQbTk3MlVJYzJqdUJkZXhheWloamFSWEw4SE5sSGFnUEZLMzFwbEVUN3Q3b1RWVlNzVGlRYzU5aEpQdVB2dHdfZi1UeklrUklTT2Y2UHFidW5hVkdNRFh4UlF6LTlKRDJUV0FFM3o4OVBBNkZIQWk0TmtpMjAwOFZkRFVaWDJ1eFpnbVJWMGl6U3ZXQUNNRzc2U1dRemNKcmlsRU54ckFIVQ?oc=5\" target=\"_blank\" rel=\"nofollow noopener\">Transferts Brive : David Darricarr\u00e8re sur le d\u00e9part, deux noms connus pour le remplacer<\/a>&nbsp;&nbsp;Dicodusport<\/li>\n<\/ol>\n","protected":false},"excerpt":{"rendered":"Apr\u00e8s un d\u00e9but de saison rat\u00e9 en Pro D2, Brive \u00e9carte son manager David Darricarr\u00e8re, Pierre-Henry Broncan reprend&hellip;\n","protected":false},"author":2,"featured_media":395849,"comment_status":"","ping_status":"","sticky":false,"template":"","format":"standard","meta":{"footnotes":""},"categories":[1416],"tags":[1011,27,479,1468,60],"class_list":{"0":"post-542100","1":"post","2":"type-post","3":"status-publish","4":"format-standard","5":"has-post-thumbnail","7":"category-rugby","8":"tag-fr","9":"tag-france","10":"tag-rugby","11":"tag-rugby-football","12":"tag-sports"},"share_on_mastodon":{"url":"https:\/\/pubeurope.com\/@fr\/115569757021068952","error":""},"_links":{"self":[{"href":"https:\/\/www.europesays.com\/fr\/wp-json\/wp\/v2\/posts\/542100","targetHints":{"allow":["GET"]}}],"collection":[{"href":"https:\/\/www.europesays.com\/fr\/wp-json\/wp\/v2\/posts"}],"about":[{"href":"https:\/\/www.europesays.com\/fr\/wp-json\/wp\/v2\/types\/post"}],"author":[{"embeddable":true,"href":"https:\/\/www.europesays.com\/fr\/wp-json\/wp\/v2\/users\/2"}],"replies":[{"embeddable":true,"href":"https:\/\/www.europesays.com\/fr\/wp-json\/wp\/v2\/comments?post=542100"}],"version-history":[{"count":0,"href":"https:\/\/www.europesays.com\/fr\/wp-json\/wp\/v2\/posts\/542100\/revisions"}],"wp:featuredmedia":[{"embeddable":true,"href":"https:\/\/www.europesays.com\/fr\/wp-json\/wp\/v2\/media\/395849"}],"wp:attachment":[{"href":"https:\/\/www.europesays.com\/fr\/wp-json\/wp\/v2\/media?parent=542100"}],"wp:term":[{"taxonomy":"category","embeddable":true,"href":"https:\/\/www.europesays.com\/fr\/wp-json\/wp\/v2\/categories?post=542100"},{"taxonomy":"post_tag","embeddable":true,"href":"https:\/\/www.europesays.com\/fr\/wp-json\/wp\/v2\/tags?post=542100"}],"curies":[{"name":"wp","href":"https:\/\/api.w.org\/{rel}","templated":true}]}}