{"id":542109,"date":"2025-11-18T08:35:19","date_gmt":"2025-11-18T08:35:19","guid":{"rendered":"https:\/\/www.europesays.com\/fr\/542109\/"},"modified":"2025-11-18T08:35:19","modified_gmt":"2025-11-18T08:35:19","slug":"petite-fille-au-napalm-un-expert-francais-remet-lui-aussi-en-cause-lauteur-de-la-celebre-photo","status":"publish","type":"post","link":"https:\/\/www.europesays.com\/fr\/542109\/","title":{"rendered":"\u00ab Petite fille au napalm \u00bb : Un expert fran\u00e7ais remet lui aussi en cause l\u2019auteur de la c\u00e9l\u00e8bre photo"},"content":{"rendered":"<p class=\"mb-4 text-lg md:leading-8 break-words\"><strong>guerre du Vietnam &#8211; L\u2019auteur de la photo historique de la \u00ab\u00a0Petite fille au napalm\u00a0\u00bb ne serait pas Nick Ut, prix Pulitzer pour cette prise d\u2019image, selon une \u00e9tude r\u00e9alis\u00e9e par le photographe fran\u00e7ais Tristan da Cunha<\/strong><\/p>\n<p class=\"mb-4 text-lg md:leading-8 break-words\">L\u2019iconique photo de la \u00ab\u00a0<a href=\"https:\/\/www.20minutes.fr\/arts-stars\/culture\/4153884-20250516-petite-fille-napalm-world-press-photo-suspend-credit-photo?at_medium=RSS%20feed&amp;at_campaign=ynews&amp;utm_source=yahoo&amp;utm_medium=rss&amp;utm_campaign=news_feed&amp;utm_content=in_article_link\" rel=\"nofollow noopener\" target=\"_blank\" data-ylk=\"slk:Petite fille au napalm;elm:context_link;itc:0;sec:content-canvas\" class=\"link \">Petite fille au napalm<\/a>\u00a0\u00bb, prise le 8\u00a0juin 1972 au <a href=\"https:\/\/www.20minutes.fr\/dossier\/vietnam?at_medium=RSS%20feed&amp;at_campaign=ynews&amp;utm_source=yahoo&amp;utm_medium=rss&amp;utm_campaign=news_feed&amp;utm_content=in_article_link\" rel=\"nofollow noopener\" target=\"_blank\" data-ylk=\"slk:Vietnam;elm:context_link;itc:0;sec:content-canvas\" class=\"link \">Vietnam<\/a>, n\u2019aurait pas \u00e9t\u00e9 r\u00e9alis\u00e9e par Nick Ut. C\u2019est la conclusion \u00e0 laquelle arrive le <a href=\"https:\/\/www.20minutes.fr\/planete\/animaux\/4179492-20251015-wildlife-photographer-of-the-year-prestigieux-palmares-revele-deux-francais-dedans?at_medium=RSS%20feed&amp;at_campaign=ynews&amp;utm_source=yahoo&amp;utm_medium=rss&amp;utm_campaign=news_feed&amp;utm_content=in_article_link\" rel=\"nofollow noopener\" target=\"_blank\" data-ylk=\"slk:photographe fran\u00e7ais;elm:context_link;itc:0;sec:content-canvas\" class=\"link \">photographe fran\u00e7ais<\/a> ind\u00e9pendant Tristan da Cunha apr\u00e8s six mois d\u2019analyse pouss\u00e9e des archives, selon les informations de <a href=\"https:\/\/www.telerama.fr\/debats-reportages\/petite-fille-au-napalm-cette-nouvelle-expertise-qui-confirme-que-nick-ut-ne-peut-pas-avoir-pris-la-photo-7028331.php?at_medium=RSS%20feed&amp;at_campaign=ynews&amp;utm_source=yahoo&amp;utm_medium=rss&amp;utm_campaign=news_feed&amp;utm_content=in_article_link\" rel=\"nofollow noopener\" target=\"_blank\" data-ylk=\"slk:T\u00e9l\u00e9rama;elm:context_link;itc:0;sec:content-canvas\" class=\"link \">T\u00e9l\u00e9rama<\/a>.<\/p>\n<p class=\"mb-4 text-lg md:leading-8 break-words\">\u00ab\u00a0Il est possible de prouver que la photo a \u00e9t\u00e9 faite avec un Pentax. Or Nick Ut n\u2019en avait pas en main ce jour-l\u00e0\u00a0\u00bb, explique l\u2019expert, passionn\u00e9 d\u2019argentique, \u00e0 nos confr\u00e8res. En scrutant photos et vid\u00e9os d\u2019\u00e9poque, il a identifi\u00e9 pr\u00e9cis\u00e9ment les appareils port\u00e9s par le photoreporter d\u2019Associated Press (AP)\u00a0: deux Nikon F (avec objectifs 200 mm et 50 mm) et deux Leica M2 (90 mm et 35 mm), reconnaissables \u00e0 leur pare-soleil ajour\u00e9 ou double anneau d\u2019aluminium. Aucun Pentax.<\/p>\n<p>Un documentaire, plusieurs rapports, mais aucune d\u00e9cision autour de l\u2019auteur Nick Ut<\/p>\n<p class=\"mb-4 text-lg md:leading-8 break-words\">Cette d\u00e9monstration vient renforcer la th\u00e8se explosive du documentaire The Stringer (diffus\u00e9 \u00e0 Sundance en janvier\u00a02025 et bient\u00f4t sur Netflix le 28\u00a0novembre). R\u00e9alis\u00e9 par Bao Nguyen, avec Gary Knight et Fiona Turner, le film avance qu\u2019un pigiste vietnamien discret, Nguyen Thanh Nghe, serait le v\u00e9ritable auteur de l\u2019image qui a valu \u00e0 Nick Ut, alors \u00e2g\u00e9 de 22 ans, le prix Pulitzer.<\/p>\n<p class=\"mb-4 text-lg md:leading-8 break-words\">Depuis la sortie du film, la pol\u00e9mique enfle et trois expertises se sont succ\u00e9d\u00e9 pour faire la lumi\u00e8re sur toutes ces zones d\u2019ombre. La premi\u00e8re, celle de l\u2019Associated Press elle-m\u00eame qui d\u00e9fend son photographe, mais reconna\u00eet des incoh\u00e9rences, notamme(&#8230;)<\/p>\n<p class=\"mb-4 text-lg md:leading-8 break-words\"><a href=\"https:\/\/www.20minutes.fr\/monde\/4186117-20251117-petite-fille-napalm-expert-francais-remet-aussi-cause-auteur-celebre-photo?at_medium=RSS%20feed&amp;at_campaign=ynews&amp;utm_source=yahoo&amp;utm_medium=rss&amp;utm_campaign=news_feed&amp;utm_content=read_more_link&quot;\" rel=\"nofollow noopener\" target=\"_blank\" data-ylk=\"slk:Lire la suite sur 20minutes;elm:context_link;itc:0;sec:content-canvas\" class=\"link \">Lire la suite sur 20minutes<\/a><\/p>\n<p>\u00c0 lire aussi :<br \/><a href=\"https:\/\/www.20minutes.fr\/arts-stars\/culture\/4153884-20250516-petite-fille-napalm-world-press-photo-suspend-credit-photo?at_medium=RSS%20feed&amp;at_campaign=ynews&amp;utm_source=yahoo&amp;utm_medium=rss&amp;utm_campaign=news_feed&amp;utm_content=related_content_link\" rel=\"nofollow noopener\" target=\"_blank\" data-ylk=\"slk:\u00ab\u00a0Petite fille au napalm\u00a0\u00bb\u00a0: World Press Photo suspend le cr\u00e9dit de la photo;elm:context_link;itc:0;sec:content-canvas\" class=\"link \">\u00ab\u00a0Petite fille au napalm\u00a0\u00bb\u00a0: World Press Photo suspend le cr\u00e9dit de la photo<\/a><br \/><a href=\"https:\/\/www.20minutes.fr\/monde\/3319059-20220701-petite-fille-vietnamienne-brulee-napalm-fini-soins-50-ans-apres-celebre-photo?at_medium=RSS%20feed&amp;at_campaign=ynews&amp;utm_source=yahoo&amp;utm_medium=rss&amp;utm_campaign=news_feed&amp;utm_content=related_content_link\" rel=\"nofollow noopener\" target=\"_blank\" data-ylk=\"slk:La petite fille vietnamienne br\u00fbl\u00e9e au napalm a fini ses soins, 50 ans apr\u00e8s la c\u00e9l\u00e8bre photo;elm:context_link;itc:0;sec:content-canvas\" class=\"link \">La petite fille vietnamienne br\u00fbl\u00e9e au napalm a fini ses soins, 50 ans apr\u00e8s la c\u00e9l\u00e8bre photo<\/a><\/p>\n","protected":false},"excerpt":{"rendered":"guerre du Vietnam &#8211; L\u2019auteur de la photo historique de la \u00ab\u00a0Petite fille au napalm\u00a0\u00bb ne serait pas&hellip;\n","protected":false},"author":2,"featured_media":542110,"comment_status":"","ping_status":"","sticky":false,"template":"","format":"standard","meta":{"footnotes":""},"categories":[1358],"tags":[1348,1384,1385,1386,58,59,1011,27,16230,65984,23245,23244,58438,66039],"class_list":{"0":"post-542109","1":"post","2":"type-post","3":"status-publish","4":"format-standard","5":"has-post-thumbnail","7":"category-arts-et-design","8":"tag-arts","9":"tag-arts-and-design","10":"tag-arts-et-design","11":"tag-design","12":"tag-divertissement","13":"tag-entertainment","14":"tag-fr","15":"tag-france","16":"tag-guerre-du-vietnam","17":"tag-la-photo","18":"tag-napalm","19":"tag-nick-ut","20":"tag-photographe-francais","21":"tag-prix-pulitzer"},"share_on_mastodon":{"url":"https:\/\/pubeurope.com\/@fr\/115569788393288280","error":""},"_links":{"self":[{"href":"https:\/\/www.europesays.com\/fr\/wp-json\/wp\/v2\/posts\/542109","targetHints":{"allow":["GET"]}}],"collection":[{"href":"https:\/\/www.europesays.com\/fr\/wp-json\/wp\/v2\/posts"}],"about":[{"href":"https:\/\/www.europesays.com\/fr\/wp-json\/wp\/v2\/types\/post"}],"author":[{"embeddable":true,"href":"https:\/\/www.europesays.com\/fr\/wp-json\/wp\/v2\/users\/2"}],"replies":[{"embeddable":true,"href":"https:\/\/www.europesays.com\/fr\/wp-json\/wp\/v2\/comments?post=542109"}],"version-history":[{"count":0,"href":"https:\/\/www.europesays.com\/fr\/wp-json\/wp\/v2\/posts\/542109\/revisions"}],"wp:featuredmedia":[{"embeddable":true,"href":"https:\/\/www.europesays.com\/fr\/wp-json\/wp\/v2\/media\/542110"}],"wp:attachment":[{"href":"https:\/\/www.europesays.com\/fr\/wp-json\/wp\/v2\/media?parent=542109"}],"wp:term":[{"taxonomy":"category","embeddable":true,"href":"https:\/\/www.europesays.com\/fr\/wp-json\/wp\/v2\/categories?post=542109"},{"taxonomy":"post_tag","embeddable":true,"href":"https:\/\/www.europesays.com\/fr\/wp-json\/wp\/v2\/tags?post=542109"}],"curies":[{"name":"wp","href":"https:\/\/api.w.org\/{rel}","templated":true}]}}