{"id":542144,"date":"2025-11-18T08:58:17","date_gmt":"2025-11-18T08:58:17","guid":{"rendered":"https:\/\/www.europesays.com\/fr\/542144\/"},"modified":"2025-11-18T08:58:17","modified_gmt":"2025-11-18T08:58:17","slug":"infirmerie-montpellier-inquiet-pour-christopher-jullien-teji-savanier-menage","status":"publish","type":"post","link":"https:\/\/www.europesays.com\/fr\/542144\/","title":{"rendered":"[Infirmerie] Montpellier inquiet pour Christopher Jullien, T\u00e9ji Savanier m\u00e9nag\u00e9"},"content":{"rendered":"<p>Montpellier poursuit sa s\u00e9rie de victoires, mais l\u2019inqui\u00e9tude s\u2019installe apr\u00e8s la qualification face \u00e0 Agde (2-0) au 7\u1d49 tour de Coupe de France. Le club h\u00e9raultais a vu Christopher Jullien quitter le terrain d\u00e8s la 28\u1d49 minute, boitant et visiblement touch\u00e9 au genou droit, le m\u00eame qui l\u2019avait \u00e9loign\u00e9 des terrains toute la saison derni\u00e8re apr\u00e8s une grave blessure en mai 2024. Capitaine en l\u2019absence de Becir Omeragic, retenu avec la Suisse, Jullien a \u00e9t\u00e9 victime d\u2019un choc avec un joueur adverse. \u00ab On va voir l\u2019\u00e9tat de Christopher, en esp\u00e9rant que ce ne soit pas trop grave \u00bb, a d\u00e9clar\u00e9 l\u2019entra\u00eeneur Zoumana Camara au<a href=\"https:\/\/www.midilibre.fr\/2025\/11\/16\/agde-mhsc-montpellier-sinquiete-pour-christopher-jullien-touche-a-un-genou-teji-savanier-menage-par-rapport-a-des-douleurs-13055633.php\" title=\" Midi Libre\" target=\"_blank\" rel=\"noopener\"> Midi Libre<\/a>, en attendant les examens m\u00e9dicaux.<\/p>\n<p>Autre sujet de pr\u00e9occupation : T\u00e9ji Savanier. Le meneur de jeu n\u2019a pas \u00e9t\u00e9 retenu pour ce match afin de m\u00e9nager son genou douloureux. Pr\u00e9sent pour soutenir ses co\u00e9quipiers, il devrait reprendre l\u2019entra\u00eenement en d\u00e9but de semaine pour pr\u00e9parer le d\u00e9placement \u00e0 Reims, pr\u00e9vu le 24 novembre. \u00ab C\u2019\u00e9tait la seule fen\u00eatre pour le pr\u00e9server, m\u00eame si c\u2019est un joueur essentiel \u00bb, a expliqu\u00e9 Camara.<\/p>\n<p>Ainsi, malgr\u00e9 la qualification et la dynamique positive, Montpellier doit composer avec l\u2019incertitude autour de deux joueurs majeurs. La gravit\u00e9 de la blessure de Jullien et la r\u00e9cup\u00e9ration de Savanier seront d\u00e9terminantes pour la suite, alors que le club vise \u00e0 maintenir son \u00e9lan en championnat.<\/p>\n","protected":false},"excerpt":{"rendered":"Montpellier poursuit sa s\u00e9rie de victoires, mais l\u2019inqui\u00e9tude s\u2019installe apr\u00e8s la qualification face \u00e0 Agde (2-0) au 7\u1d49&hellip;\n","protected":false},"author":2,"featured_media":542145,"comment_status":"","ping_status":"","sticky":false,"template":"","format":"standard","meta":{"footnotes":""},"categories":[9599],"tags":[328,1111,11,1777,674,1011,27,18986,2208,12,2680,65465,25],"class_list":{"0":"post-542144","1":"post","2":"type-post","3":"status-publish","4":"format-standard","5":"has-post-thumbnail","7":"category-montpellier","8":"tag-a-la-une","9":"tag-actu","10":"tag-actualites","11":"tag-eu","12":"tag-europe","13":"tag-fr","14":"tag-france","15":"tag-infirmerie","16":"tag-montpellier","17":"tag-news","18":"tag-occitanie","19":"tag-rcoa-mhsc","20":"tag-republique-francaise"},"share_on_mastodon":{"url":"","error":""},"_links":{"self":[{"href":"https:\/\/www.europesays.com\/fr\/wp-json\/wp\/v2\/posts\/542144","targetHints":{"allow":["GET"]}}],"collection":[{"href":"https:\/\/www.europesays.com\/fr\/wp-json\/wp\/v2\/posts"}],"about":[{"href":"https:\/\/www.europesays.com\/fr\/wp-json\/wp\/v2\/types\/post"}],"author":[{"embeddable":true,"href":"https:\/\/www.europesays.com\/fr\/wp-json\/wp\/v2\/users\/2"}],"replies":[{"embeddable":true,"href":"https:\/\/www.europesays.com\/fr\/wp-json\/wp\/v2\/comments?post=542144"}],"version-history":[{"count":0,"href":"https:\/\/www.europesays.com\/fr\/wp-json\/wp\/v2\/posts\/542144\/revisions"}],"wp:featuredmedia":[{"embeddable":true,"href":"https:\/\/www.europesays.com\/fr\/wp-json\/wp\/v2\/media\/542145"}],"wp:attachment":[{"href":"https:\/\/www.europesays.com\/fr\/wp-json\/wp\/v2\/media?parent=542144"}],"wp:term":[{"taxonomy":"category","embeddable":true,"href":"https:\/\/www.europesays.com\/fr\/wp-json\/wp\/v2\/categories?post=542144"},{"taxonomy":"post_tag","embeddable":true,"href":"https:\/\/www.europesays.com\/fr\/wp-json\/wp\/v2\/tags?post=542144"}],"curies":[{"name":"wp","href":"https:\/\/api.w.org\/{rel}","templated":true}]}}