{"id":542146,"date":"2025-11-18T08:59:10","date_gmt":"2025-11-18T08:59:10","guid":{"rendered":"https:\/\/www.europesays.com\/fr\/542146\/"},"modified":"2025-11-18T08:59:10","modified_gmt":"2025-11-18T08:59:10","slug":"un-ballet-theatral-inspire-de-la-famille-addams-et-de-beetlejuice","status":"publish","type":"post","link":"https:\/\/www.europesays.com\/fr\/542146\/","title":{"rendered":"un ballet th\u00e9\u00e2tral inspir\u00e9 de la famille Addams et de Beetlejuice"},"content":{"rendered":"<p melodystyle=\"texte\">Trois s\u0153urs, une bo\u00eete de vieilles photos et beaucoup de cr\u00e9ativit\u00e9\u00a0: voici la formule\u00a0du spectacle The Attic Family, jou\u00e9 mardi 18\u00a0novembre \u00e0 19h \u00e0 Petit-Couronne.<\/p>\n<p>Une histoire de famille<\/p>\n<p melodystyle=\"texte\">En 2019, les trois s\u0153urs Wood, Amy, Hannah et Alice, d\u00e9j\u00e0 toutes impliqu\u00e9es dans le spectacle vivant, d\u00e9cident de mettre leurs comp\u00e9tences en commun en cr\u00e9ant la compagnie The Wood sisters et ce spectacle The Attic Family. \u00ab\u00a0Ce spectacle vient chatouiller nos origines anglaises\u00a0\u00bb, explique Amy Wood. Tout commence par la d\u00e9couverte de vieilles photos du d\u00e9but du si\u00e8cle dernier dans le grenier familial. \u00ab\u00a0Les a\u00efeux de mon p\u00e8re \u00e9taient assez ais\u00e9s pour s&rsquo;offrir les tout premiers appareils photo, leurs photos de vacances de voyage, notamment dans les Alpes, nous ont inspir\u00e9es.\u00a0\u00bb\u00a0A partir de ces clich\u00e9s de famille, les trois s\u0153urs inventent une fiction dans laquelle ces anc\u00eatres reviennent \u00e0 la vie\u00a0: \u00ab\u00a0Le spectacle est un moyen de faire rire des diff\u00e9rences culturelles et de parler de la mort de mani\u00e8re d\u00e9cal\u00e9e.\u00a0\u00bb<\/p>\n<p>Ambiance macabre<\/p>\n<p melodystyle=\"texte\">Grim\u00e9s avec exc\u00e8s, les six personnages qui incarnent cette \u00e9trange famille sur sc\u00e8ne, oncles, tantes ou cousins, interpr\u00e8tent une chor\u00e9graphie originale inspir\u00e9e de la danse contemporaine, notamment de Maguy Marin, et m\u00eame des danses traditionnelles du Mali. \u00ab\u00a0C&rsquo;est un spectacle tr\u00e8s visuel, confie Amy Wood. Nous avons choisi la forme du ballet th\u00e9\u00e2tral burlesque.\u00a0\u00bb\u00a0 Le spectacle n&rsquo;est pas narratif, m\u00eame si les sc\u00e8nes dans\u00e9es sont intercal\u00e9es des moments de vie de famille. \u00ab\u00a0La musique est omnipr\u00e9sente avec bien s\u00fbr des r\u00e9f\u00e9rences british\u00a0: Purcell, Kate Bush, mais le spectacle est aussi servi par les cr\u00e9ations musicales sur mesure de Max Couty. Notre esth\u00e9tique s&rsquo;inspire des films de notre enfance\u00a0: La famille Adams\u00a0ou Beetlejuice, du gothique \u00e0 la sauce burlesque\u00a0!\u00a0\u00bb<\/p>\n<p>De la rue <br \/>\u00e0 la sc\u00e8ne<\/p>\n<p melodystyle=\"texte\">C&rsquo;est \u00e0 l&rsquo;A\u00eetre Saint Maclou que le spectacle a \u00e9t\u00e9 pr\u00e9sent\u00e9 pour la premi\u00e8re fois au public en 2020, un lieu id\u00e9al vu le sujet, puisque ce monument du patrimoine rouennais est lui-m\u00eame connu pour sa danse macabre\u00a0! \u00ab\u00a0The Attic Family a \u00e9t\u00e9 con\u00e7u comme un spectacle de rue\u00a0\u00bb, mais la compagnie rouennaise n&rsquo;en reste pas l\u00e0.<\/p>\n<p melodystyle=\"texte\">A la suite d&rsquo;une r\u00e9sidence en janvier dernier \u00e0 l&rsquo;Etincelle puis plus r\u00e9cemment au Sillon, le spectacle de rue s&rsquo;est adapt\u00e9 \u00e0 la sc\u00e8ne. \u00ab\u00a0Nous avons b\u00e9n\u00e9fici\u00e9 d&rsquo;une cr\u00e9ation lumi\u00e8re et d\u00e9sormais les deux versions coexistent\u00a0!\u00a0\u00bb<\/p>\n<p style=\"font-weight:bold;color:#000;\">Pratique. Mardi 18 novembre \u00e0 19h. Le Sillon, Petit-Couronne. 4 \u00e0 8\u20ac. <a href=\"https:\/\/www.ville-petit-couronne.fr\/\" target=\"_blank\" rel=\"nofollow noopener\">ville-petit-couronne.fr<\/a>.<\/p>\n","protected":false},"excerpt":{"rendered":"Trois s\u0153urs, une bo\u00eete de vieilles photos et beaucoup de cr\u00e9ativit\u00e9\u00a0: voici la formule\u00a0du spectacle The Attic Family,&hellip;\n","protected":false},"author":2,"featured_media":542147,"comment_status":"","ping_status":"","sticky":false,"template":"","format":"standard","meta":{"footnotes":""},"categories":[9587],"tags":[1111,11,1777,674,1011,27,12,5161,25,9590],"class_list":{"0":"post-542146","1":"post","2":"type-post","3":"status-publish","4":"format-standard","5":"has-post-thumbnail","7":"category-rouen","8":"tag-actu","9":"tag-actualites","10":"tag-eu","11":"tag-europe","12":"tag-fr","13":"tag-france","14":"tag-news","15":"tag-normandie","16":"tag-republique-francaise","17":"tag-rouen"},"share_on_mastodon":{"url":"https:\/\/pubeurope.com\/@fr\/115569882990466175","error":""},"_links":{"self":[{"href":"https:\/\/www.europesays.com\/fr\/wp-json\/wp\/v2\/posts\/542146","targetHints":{"allow":["GET"]}}],"collection":[{"href":"https:\/\/www.europesays.com\/fr\/wp-json\/wp\/v2\/posts"}],"about":[{"href":"https:\/\/www.europesays.com\/fr\/wp-json\/wp\/v2\/types\/post"}],"author":[{"embeddable":true,"href":"https:\/\/www.europesays.com\/fr\/wp-json\/wp\/v2\/users\/2"}],"replies":[{"embeddable":true,"href":"https:\/\/www.europesays.com\/fr\/wp-json\/wp\/v2\/comments?post=542146"}],"version-history":[{"count":0,"href":"https:\/\/www.europesays.com\/fr\/wp-json\/wp\/v2\/posts\/542146\/revisions"}],"wp:featuredmedia":[{"embeddable":true,"href":"https:\/\/www.europesays.com\/fr\/wp-json\/wp\/v2\/media\/542147"}],"wp:attachment":[{"href":"https:\/\/www.europesays.com\/fr\/wp-json\/wp\/v2\/media?parent=542146"}],"wp:term":[{"taxonomy":"category","embeddable":true,"href":"https:\/\/www.europesays.com\/fr\/wp-json\/wp\/v2\/categories?post=542146"},{"taxonomy":"post_tag","embeddable":true,"href":"https:\/\/www.europesays.com\/fr\/wp-json\/wp\/v2\/tags?post=542146"}],"curies":[{"name":"wp","href":"https:\/\/api.w.org\/{rel}","templated":true}]}}