{"id":542148,"date":"2025-11-18T09:00:21","date_gmt":"2025-11-18T09:00:21","guid":{"rendered":"https:\/\/www.europesays.com\/fr\/542148\/"},"modified":"2025-11-18T09:00:21","modified_gmt":"2025-11-18T09:00:21","slug":"national-clement-bassin-rouen-elu-joueur-du-mois-doctobre","status":"publish","type":"post","link":"https:\/\/www.europesays.com\/fr\/542148\/","title":{"rendered":"National. Cl\u00e9ment Bassin (Rouen) \u00e9lu joueur du mois d&rsquo;octobre"},"content":{"rendered":"<p><img loading=\"lazy\" decoding=\"async\" width=\"696\" height=\"464\" class=\"lazyload entry-thumb\" src=\"https:\/\/www.europesays.com\/fr\/wp-content\/uploads\/2025\/11\/Clement-Bassin-Rouen-696x464.jpg\" alt=\"Cl\u00e9ment Bassin Rouen\" title=\"Cl\u00e9ment Bassin Rouen\"\/>Cl\u00e9ment Bassin (ici \u00e0 la lutte avec Boubacar Fofana) a \u00e9t\u00e9 \u00e9lu meilleur joueur de National au mois d&rsquo;octobre. (Photo Philippe Le Brech)<\/p>\n<p style=\"font-size:20px\"><strong>Apr\u00e8s Idrissa Seydi au mois de septembre, un autre joueur du FC Rouen 1899 est honor\u00e9 puisque Cl\u00e9ment Bassin a \u00e9t\u00e9 \u00e9lu meilleur joueur du mois d\u2019octobre en National.<\/strong><\/p>\n<p>Le capitaine du FC Rouen 1899 Cl\u00e9ment Bassin a tr\u00e8s largement \u00e9t\u00e9 \u00e9lu meilleur joueur du mois d\u2019octobre en National avec 48,87% des votes. Le d\u00e9fenseur de 30 ans devance Benjamin Gomel (FC Sochaux Montb\u00e9liard, 27,30 %),\u00a0 Adel Lambezat (Dijon FCO, 22,09 %) et Jordan Tell (US Concarneau, 1,74 %).\u00a0C\u2019est le deuxi\u00e8me Rouennais qui remporte ce troph\u00e9e cette saison apr\u00e8s Idrissa Seydi au mois de septembre.<\/p>\n<p>Joueur embl\u00e9matique du club, Cl\u00e9ment Bassin a jou\u00e9 l\u2019int\u00e9gralit\u00e9 des douze matchs avec le leader de National cette saison. Il a inscrit trois buts contre le FC Sochaux-Montb\u00e9liard, la Berrichonne Ch\u00e2teauroux et le SM Caen.<\/p>\n<p><a href=\"https:\/\/footamateur.ouest-france.fr\/author\/jerome\/\" class=\"url\" title=\"J\u00e9rome Bouchacourt\" rel=\"nofollow noopener\" target=\"_blank\"> <img decoding=\"async\" src=\"https:\/\/www.europesays.com\/fr\/wp-content\/uploads\/2025\/04\/moi.jpg\" class=\"lazyload photo\" width=\"250\" alt=\"J\u00e9rome Bouchacourt\"\/><\/a><\/p>\n<p>SEO et r\u00e9dacteur en chef chez Sports M\u00e9dia<\/p>\n<p>Petit Suisse originaire de Lausanne, au bord du Lac L\u00e9man, biberonn\u00e9 au Beaujolais depuis ses deux ans, J\u00e9r\u00f4me a migr\u00e9 dans la r\u00e9gion nantaise au d\u00e9but des ann\u00e9es 2000. Fan de football amateur, de ses rencontres, ses terrains bossel\u00e9s, ses buvettes conviviales, il est aussi un bon vivant qui adore la cuisine lyonnaise ! Fondateur de Footamateur.fr en mai 2014.<\/p>\n<p><a href=\"https:\/\/footamateur.ouest-france.fr\/author\/jerome\/\" class=\"url\" title=\"J\u00e9rome Bouchacourt\" rel=\"nofollow noopener\" target=\"_blank\"><img decoding=\"async\" src=\"https:\/\/www.europesays.com\/fr\/wp-content\/uploads\/2025\/04\/moi.jpg\" class=\"lazyload photo\" width=\"250\" alt=\"J\u00e9rome Bouchacourt\"\/><\/a>Les derniers articles par J\u00e9rome Bouchacourt (<a href=\"https:\/\/footamateur.ouest-france.fr\/author\/jerome\/\" rel=\"nofollow noopener\" target=\"_blank\">tout voir<\/a>)<\/p>\n","protected":false},"excerpt":{"rendered":"Cl\u00e9ment Bassin (ici \u00e0 la lutte avec Boubacar Fofana) a \u00e9t\u00e9 \u00e9lu meilleur joueur de National au mois&hellip;\n","protected":false},"author":2,"featured_media":542149,"comment_status":"","ping_status":"","sticky":false,"template":"","format":"standard","meta":{"footnotes":""},"categories":[9587],"tags":[1111,11,1777,674,1011,27,12,5161,25,9590],"class_list":{"0":"post-542148","1":"post","2":"type-post","3":"status-publish","4":"format-standard","5":"has-post-thumbnail","7":"category-rouen","8":"tag-actu","9":"tag-actualites","10":"tag-eu","11":"tag-europe","12":"tag-fr","13":"tag-france","14":"tag-news","15":"tag-normandie","16":"tag-republique-francaise","17":"tag-rouen"},"share_on_mastodon":{"url":"https:\/\/pubeurope.com\/@fr\/115569889126771200","error":""},"_links":{"self":[{"href":"https:\/\/www.europesays.com\/fr\/wp-json\/wp\/v2\/posts\/542148","targetHints":{"allow":["GET"]}}],"collection":[{"href":"https:\/\/www.europesays.com\/fr\/wp-json\/wp\/v2\/posts"}],"about":[{"href":"https:\/\/www.europesays.com\/fr\/wp-json\/wp\/v2\/types\/post"}],"author":[{"embeddable":true,"href":"https:\/\/www.europesays.com\/fr\/wp-json\/wp\/v2\/users\/2"}],"replies":[{"embeddable":true,"href":"https:\/\/www.europesays.com\/fr\/wp-json\/wp\/v2\/comments?post=542148"}],"version-history":[{"count":0,"href":"https:\/\/www.europesays.com\/fr\/wp-json\/wp\/v2\/posts\/542148\/revisions"}],"wp:featuredmedia":[{"embeddable":true,"href":"https:\/\/www.europesays.com\/fr\/wp-json\/wp\/v2\/media\/542149"}],"wp:attachment":[{"href":"https:\/\/www.europesays.com\/fr\/wp-json\/wp\/v2\/media?parent=542148"}],"wp:term":[{"taxonomy":"category","embeddable":true,"href":"https:\/\/www.europesays.com\/fr\/wp-json\/wp\/v2\/categories?post=542148"},{"taxonomy":"post_tag","embeddable":true,"href":"https:\/\/www.europesays.com\/fr\/wp-json\/wp\/v2\/tags?post=542148"}],"curies":[{"name":"wp","href":"https:\/\/api.w.org\/{rel}","templated":true}]}}