{"id":542154,"date":"2025-11-18T09:06:27","date_gmt":"2025-11-18T09:06:27","guid":{"rendered":"https:\/\/www.europesays.com\/fr\/542154\/"},"modified":"2025-11-18T09:06:27","modified_gmt":"2025-11-18T09:06:27","slug":"six-choristes-bretons-seront-sur-le-plateau-de-la-star-academy-sur-tf1-vendredi-21","status":"publish","type":"post","link":"https:\/\/www.europesays.com\/fr\/542154\/","title":{"rendered":"Six choristes bretons seront sur le plateau de la \u00ab Star Academy \u00bb sur \u00ab TF1 \u00bb vendredi 21"},"content":{"rendered":"<p>Ce vendredi 21\u00a0novembre 2025, six <a href=\"https:\/\/rennes.maville.com\/actu\/actudet_-a-rennes-ils-repetent-depuis-l-ete-chanter-avec-500-choristes-ca-donne-des-frissons-_7-6621811_actu.Htm\" target=\"_blank\" rel=\"noopener\">choristes<\/a> de Voices Harmony de Rennes feront partie des 1\u00a0000\u00a0choristes venus de toute la France invit\u00e9s \u00e0 chanter sur le plateau de la <a href=\"https:\/\/rennes.maville.com\/actu\/actudet_-c-est-notre-rituel-7-500-fans-remplissent-le-liberte-pour-deux-concerts-de-la-star-ac-a-rennes-_52674-6844549_actu.Htm\" target=\"_blank\" rel=\"noopener\"> Star Academy <\/a>, aux c\u00f4t\u00e9s des candidats de la nouvelle saison.<\/p>\n<p>Le projet Voices Harmony, n\u00e9 pour rassembler des passionn\u00e9s de chant \u00e0 travers la France, permet \u00e0 des chanteurs amateurs de vivre des exp\u00e9riences uniques\u00a0: Z\u00e9niths, stades, plateaux TV\u2026<\/p>\n<p>Les choristes rennais seront \u00e0 retrouver le 10\u00a0janvier 2026, \u00e0 la Glaz Arena de Cesson-S\u00e9vign\u00e9, pour le grand concert 15\u00a0000\u00a0voix pour les L\u00e9gendes du Rock, aux c\u00f4t\u00e9s de 500\u00a0chanteurs de la r\u00e9gion.<\/p>\n<p>\u00a0<\/p>\n","protected":false},"excerpt":{"rendered":"Ce vendredi 21\u00a0novembre 2025, six choristes de Voices Harmony de Rennes feront partie des 1\u00a0000\u00a0choristes venus de toute&hellip;\n","protected":false},"author":2,"featured_media":542155,"comment_status":"","ping_status":"","sticky":false,"template":"","format":"standard","meta":{"footnotes":""},"categories":[2821],"tags":[22729,66041,1111,11,829,20870,66040,1777,674,1011,27,12,24649,7498,584,25,974,199,6949],"class_list":{"0":"post-542154","1":"post","2":"type-post","3":"status-publish","4":"format-standard","5":"has-post-thumbnail","7":"category-rennes","8":"tag-22729","9":"tag-academy","10":"tag-actu","11":"tag-actualites","12":"tag-bretagne","13":"tag-bretons","14":"tag-choristes","15":"tag-eu","16":"tag-europe","17":"tag-fr","18":"tag-france","19":"tag-news","20":"tag-novembre","21":"tag-plateau","22":"tag-rennes","23":"tag-republique-francaise","24":"tag-star","25":"tag-tf1","26":"tag-vendredi"},"share_on_mastodon":{"url":"https:\/\/pubeurope.com\/@fr\/115569910321168606","error":""},"_links":{"self":[{"href":"https:\/\/www.europesays.com\/fr\/wp-json\/wp\/v2\/posts\/542154","targetHints":{"allow":["GET"]}}],"collection":[{"href":"https:\/\/www.europesays.com\/fr\/wp-json\/wp\/v2\/posts"}],"about":[{"href":"https:\/\/www.europesays.com\/fr\/wp-json\/wp\/v2\/types\/post"}],"author":[{"embeddable":true,"href":"https:\/\/www.europesays.com\/fr\/wp-json\/wp\/v2\/users\/2"}],"replies":[{"embeddable":true,"href":"https:\/\/www.europesays.com\/fr\/wp-json\/wp\/v2\/comments?post=542154"}],"version-history":[{"count":0,"href":"https:\/\/www.europesays.com\/fr\/wp-json\/wp\/v2\/posts\/542154\/revisions"}],"wp:featuredmedia":[{"embeddable":true,"href":"https:\/\/www.europesays.com\/fr\/wp-json\/wp\/v2\/media\/542155"}],"wp:attachment":[{"href":"https:\/\/www.europesays.com\/fr\/wp-json\/wp\/v2\/media?parent=542154"}],"wp:term":[{"taxonomy":"category","embeddable":true,"href":"https:\/\/www.europesays.com\/fr\/wp-json\/wp\/v2\/categories?post=542154"},{"taxonomy":"post_tag","embeddable":true,"href":"https:\/\/www.europesays.com\/fr\/wp-json\/wp\/v2\/tags?post=542154"}],"curies":[{"name":"wp","href":"https:\/\/api.w.org\/{rel}","templated":true}]}}