{"id":542163,"date":"2025-11-18T09:13:14","date_gmt":"2025-11-18T09:13:14","guid":{"rendered":"https:\/\/www.europesays.com\/fr\/542163\/"},"modified":"2025-11-18T09:13:14","modified_gmt":"2025-11-18T09:13:14","slug":"jeremie-pignard-sera-larbitre-de-la-rencontre-a-nice","status":"publish","type":"post","link":"https:\/\/www.europesays.com\/fr\/542163\/","title":{"rendered":"J\u00e9r\u00e9mie Pignard sera l&rsquo;arbitre de la rencontre \u00e0 Nice"},"content":{"rendered":"<p>L&rsquo;arbitre de Nice-OM est connu. Pour leur retour \u00e0 la comp\u00e9tition apr\u00e8s la tr\u00eave internationale, les Olympiens, qui se rendent sur la C\u00f4te d&rsquo;Azur vendredi soir (20h45), croiseront pour la troisi\u00e8me fois de la saison la route de J\u00e9r\u00e9mie Pignard, qui dirigera les d\u00e9bats.<\/p>\n<p>J\u00e9r\u00e9mie Pignard sera assist\u00e9 vendredi soir d&rsquo;Aur\u00e9lien Drouet et Erwan Finjean, pendant que Guillaume Paradis sera le quatri\u00e8me arbitre. \u00c0 la VAR, on retrouvera Nicolas Rainville et Yohann Rouinsard.<\/p>\n","protected":false},"excerpt":{"rendered":"L&rsquo;arbitre de Nice-OM est connu. Pour leur retour \u00e0 la comp\u00e9tition apr\u00e8s la tr\u00eave internationale, les Olympiens, qui&hellip;\n","protected":false},"author":2,"featured_media":542164,"comment_status":"","ping_status":"","sticky":false,"template":"","format":"standard","meta":{"footnotes":""},"categories":[2819],"tags":[17,1111,11,1777,674,1011,27,21018,15640,12,2401,149,21019,882,5486,25,6690],"class_list":{"0":"post-542163","1":"post","2":"type-post","3":"status-publish","4":"format-standard","5":"has-post-thumbnail","7":"category-nice","8":"tag-17","9":"tag-actu","10":"tag-actualites","11":"tag-eu","12":"tag-europe","13":"tag-fr","14":"tag-france","15":"tag-jeremie","16":"tag-larbitre","17":"tag-news","18":"tag-nice","19":"tag-om","20":"tag-pignard","21":"tag-provence-alpes-cote-dazur","22":"tag-rencontre","23":"tag-republique-francaise","24":"tag-sera"},"share_on_mastodon":{"url":"https:\/\/pubeurope.com\/@fr\/115569937944313196","error":""},"_links":{"self":[{"href":"https:\/\/www.europesays.com\/fr\/wp-json\/wp\/v2\/posts\/542163","targetHints":{"allow":["GET"]}}],"collection":[{"href":"https:\/\/www.europesays.com\/fr\/wp-json\/wp\/v2\/posts"}],"about":[{"href":"https:\/\/www.europesays.com\/fr\/wp-json\/wp\/v2\/types\/post"}],"author":[{"embeddable":true,"href":"https:\/\/www.europesays.com\/fr\/wp-json\/wp\/v2\/users\/2"}],"replies":[{"embeddable":true,"href":"https:\/\/www.europesays.com\/fr\/wp-json\/wp\/v2\/comments?post=542163"}],"version-history":[{"count":0,"href":"https:\/\/www.europesays.com\/fr\/wp-json\/wp\/v2\/posts\/542163\/revisions"}],"wp:featuredmedia":[{"embeddable":true,"href":"https:\/\/www.europesays.com\/fr\/wp-json\/wp\/v2\/media\/542164"}],"wp:attachment":[{"href":"https:\/\/www.europesays.com\/fr\/wp-json\/wp\/v2\/media?parent=542163"}],"wp:term":[{"taxonomy":"category","embeddable":true,"href":"https:\/\/www.europesays.com\/fr\/wp-json\/wp\/v2\/categories?post=542163"},{"taxonomy":"post_tag","embeddable":true,"href":"https:\/\/www.europesays.com\/fr\/wp-json\/wp\/v2\/tags?post=542163"}],"curies":[{"name":"wp","href":"https:\/\/api.w.org\/{rel}","templated":true}]}}