{"id":542167,"date":"2025-11-18T09:15:24","date_gmt":"2025-11-18T09:15:24","guid":{"rendered":"https:\/\/www.europesays.com\/fr\/542167\/"},"modified":"2025-11-18T09:15:24","modified_gmt":"2025-11-18T09:15:24","slug":"tirs-appartements-cribles-de-balles-les-reglements-de-compte-se-multiplient-dans-le-quartier-de-la-beaujoire-a-nantes","status":"publish","type":"post","link":"https:\/\/www.europesays.com\/fr\/542167\/","title":{"rendered":"Tirs, appartements cribl\u00e9s de balles\u2026 Les r\u00e8glements de compte se multiplient dans le quartier de la Beaujoire \u00e0 Nantes"},"content":{"rendered":"<p>\n    Plusieurs \u00e9pisodes de coups de feu ont \u00e9clat\u00e9 depuis le d\u00e9but du mois, dans les rues voisines du stade nantais. Ces violences seraient li\u00e9es \u00e0 des luttes entre narcotrafiquants.<\/p>\n<p class=\"fig-paragraph\">Un automne sous les balles, du c\u00f4t\u00e9 de la Beaujoire. Le quartier situ\u00e9 autour du stade\u00a0<a href=\"https:\/\/www.lefigaro.fr\/tag\/fc-nantes\" target=\"_blank\" rel=\"sponsored noopener\" data-gtm-custom-categorie=\"navigation\" data-gtm-custom-action=\"crossclick\" data-gtm-custom-label=\"Contextuel\" data-gtm-event=\"customEventSPE\">des Canaris<\/a>, dans le nord\u00a0<a href=\"https:\/\/www.lefigaro.fr\/nantes\" target=\"_blank\" data-fig-type=\"Section\" rel=\"sponsored noopener\" data-gtm-custom-categorie=\"navigation\" data-gtm-custom-action=\"crossclick\" data-gtm-custom-label=\"Contextuel\" data-gtm-event=\"customEventSPE\" data-fig-domain=\"LEFIGARO\">de Nantes<\/a>\u00a0(Loire-Atlantique), est devenu depuis quelques jours, le th\u00e9\u00e2tre d\u2019un ballet de coups de feu et de matchs retours tout aussi violents &#8211; ph\u00e9nom\u00e8ne tout \u00e0 fait inhabituel pour ce secteur d\u2019ordinaire sans histoire de l\u2019agglom\u00e9ration. Dernier \u00e9pisode en date\u00a0: la fa\u00e7ade d\u2019un immeuble du boulevard des Batignolles, face au stade, a \u00e9t\u00e9 cribl\u00e9e d\u2019au moins 24 balles, dans la matin\u00e9e du vendredi 14 novembre.<\/p>\n<p class=\"fig-paragraph\">L\u2019incident, qui s\u2019est d\u00e9roul\u00e9 vers 6h du matin, n\u2019a fait aucun bless\u00e9. D\u2019apr\u00e8s les douilles retrouv\u00e9es sur place, l\u2019attaque se serait produite avec un fusil d\u2019assaut de type kalachnikov. Selon nos confr\u00e8res de\u00a0<a href=\"https:\/\/www.ouest-france.fr\/societe\/faits-divers\/a-nantes-des-balles-traversent-deux-appartements-sans-faire-de-blesse-la-serie-de-tirs-se-poursuit-quartier-beaujoire-5595ef7c-c17c-11f0-a316-aa52a6afd2bb\" target=\"_blank\" rel=\"sponsored noopener\" data-gtm-custom-categorie=\"navigation\" data-gtm-custom-action=\"crossclick\" data-gtm-custom-label=\"Contextuel\" data-gtm-event=\"customEventSPE\">Ouest France<\/a>, l\u2019arme aurait tir\u00e9 en rafale sur le b\u00e2timent, en visant principalement le hall d\u2019entr\u00e9e, mais aussi deux appartements situ\u00e9s au premier \u00e9tage.<\/p>\n<p>                                    <a class=\"fig-a11y-skip a11y-hidden\" href=\"#fig-a11y-skip-main-inarticle\"><br \/>\n        Passer la publicit\u00e9<br \/>\n    <\/a><\/p>\n<p>Fuite en avant<\/p>\n<p class=\"fig-paragraph\">Cette attaque \u00e0 l\u2019arme de guerre contre un immeuble d\u2019habitation plonge les services de police dans un \u00e9tat de vigilance accrue, alors que les faits divers s\u2019encha\u00eenent dans le quartier de la Beaujoire. Un\u00a0<a href=\"http:\/\/www.lefigaro.fr\/nantes\/nantes-des-coups-de-feu-pres-de-la-beaujoire-un-appartement-grele-de-balles-20251104\" target=\"_blank\" data-fig-type=\"NewsFlash\" rel=\"noopener\" data-gtm-custom-categorie=\"navigation\" data-gtm-custom-action=\"crossclick\" data-gtm-custom-label=\"Contextuel\" data-gtm-event=\"customEventSPE\" data-fig-domain=\"LEFIGARO\">appartement a \u00e9t\u00e9 cribl\u00e9 de balles<\/a>, le 3 novembre. Cinq jours plus tard,\u00a0<a href=\"http:\/\/www.lefigaro.fr\/nantes\/nantes-un-nouveau-coup-de-feu-dans-le-quartier-de-la-beaujoire-un-cycliste-blesse-20251110\" target=\"_blank\" data-fig-type=\"NewsFlash\" rel=\"noopener\" data-gtm-custom-categorie=\"navigation\" data-gtm-custom-action=\"crossclick\" data-gtm-custom-label=\"Contextuel\" data-gtm-event=\"customEventSPE\" data-fig-domain=\"LEFIGARO\">un cycliste \u00e9tait pris pour cible et bless\u00e9<\/a>\u00a0par arme \u00e0 feu, \u00e0 moins de 300 m\u00e8tres du stade. Le 10 novembre, un nouveau logement \u00e9tait attaqu\u00e9 et perc\u00e9 d\u2019une vingtaine de balles. Moins de 48 heures apr\u00e8s, des tirs avaient transperc\u00e9 une camionnette du quartier.<\/p>\n<p class=\"fig-body-link\">\n            \u00c0 lire aussi<br \/>\n        <a class=\"fig-body-link__link fig-premium-mark\" href=\"http:\/\/www.lefigaro.fr\/nantes\/c-etait-un-havre-de-paix-maintenant-tout-le-monde-veut-partir-a-nantes-le-crepuscule-d-un-quartier-qui-bascule-dans-l-insecurite-20251117\" target=\"_blank\" data-fig-type=\"NewsFlash\" rel=\"noopener\" data-gtm-custom-categorie=\"navigation\" data-gtm-custom-action=\"crossclick\" data-gtm-custom-label=\"Contextuel\" data-gtm-event=\"customEventSPE\" data-fig-domain=\"LEFIGARO\"><\/p>\n<p>        \u00abC\u2019\u00e9tait un havre de paix, maintenant tout le monde veut partir\u00bb\u00a0: \u00e0 Nantes, le cr\u00e9puscule d\u2019un quartier qui bascule dans l\u2019ins\u00e9curit\u00e9<br \/>\n    <\/a>\n<\/p>\n<p class=\"fig-paragraph\">\u00abOn est pass\u00e9 \u00e0 un nouveau cran de violence, constate une source polici\u00e8re nantaise. Cette situation est assez \u00e9tonnante pour ce quartier qui n\u2019est pas historiquement consid\u00e9r\u00e9 comme sensible, en dehors de quelques faits de d\u00e9linquance et de probl\u00e9matiques propres \u00e0 l\u2019agenda sportif. Or, d\u00e8s qu\u2019il est question de tirs en rafale, on ne fait plus face \u00e0 de la d\u00e9linquance, mais \u00e0 de la criminalit\u00e9.\u00bb\u00a0<\/p>\n<p class=\"fig-paragraph\">La piste de r\u00e8glements de comptes et d\u2019intimidations en rapport avec les r\u00e9seaux de trafic de drogue serait privil\u00e9gi\u00e9e par les enqu\u00eateurs pour expliquer cette irruption de violence \u00e0 la Beaujoire. \u00c9galement connu pour avoir \u00e9t\u00e9, jusqu\u2019\u00e0 ces derni\u00e8res ann\u00e9es, un quartier sans grand probl\u00e8me d\u2019ins\u00e9curit\u00e9, le secteur de Pirmil, dans le sud-est de l\u2019agglom\u00e9ration nantaise, a lui aussi r\u00e9cemment \u00e9t\u00e9\u00a0<a href=\"http:\/\/www.lefigaro.fr\/nantes\/c-etait-un-havre-de-paix-maintenant-tout-le-monde-veut-partir-a-nantes-le-crepuscule-d-un-quartier-qui-bascule-dans-l-insecurite-20251117\" target=\"_blank\" data-fig-type=\"NewsFlash\" rel=\"noopener\" data-gtm-custom-categorie=\"navigation\" data-gtm-custom-action=\"crossclick\" data-gtm-custom-label=\"Contextuel\" data-gtm-event=\"customEventSPE\" data-fig-domain=\"LEFIGARO\">le th\u00e9\u00e2tre d\u2019une fuite en avant de la violence<\/a>. Arr\u00eat\u00e9s le 11 novembre\u00a0<a href=\"http:\/\/www.lefigaro.fr\/nantes\/nantes-deux-ados-de-15-ans-interpelles-apres-des-coups-de-feu-20251112\" target=\"_blank\" data-fig-type=\"NewsFlash\" rel=\"noopener\" data-gtm-custom-categorie=\"navigation\" data-gtm-custom-action=\"crossclick\" data-gtm-custom-label=\"Contextuel\" data-gtm-event=\"customEventSPE\" data-fig-domain=\"LEFIGARO\">apr\u00e8s avoir provoqu\u00e9 des coups de feu pr\u00e8s d\u2019un point de deal<\/a>, deux jeunes ont \u00e9t\u00e9 mis en examen, jeudi dernier, pour \u00abtentative de meurtre\u00bb et \u00abassociation de malfaiteurs\u00bb. Ils sont tous les deux \u00e2g\u00e9s de 15 ans.<\/p>\n","protected":false},"excerpt":{"rendered":"Plusieurs \u00e9pisodes de coups de feu ont \u00e9clat\u00e9 depuis le d\u00e9but du mois, dans les rues voisines du&hellip;\n","protected":false},"author":2,"featured_media":542168,"comment_status":"","ping_status":"","sticky":false,"template":"","format":"standard","meta":{"footnotes":""},"categories":[2818],"tags":[1111,11,16054,1777,674,1011,27,766,12,2636,10210,25,809],"class_list":{"0":"post-542167","1":"post","2":"type-post","3":"status-publish","4":"format-standard","5":"has-post-thumbnail","7":"category-nantes","8":"tag-actu","9":"tag-actualites","10":"tag-dealers","11":"tag-eu","12":"tag-europe","13":"tag-fr","14":"tag-france","15":"tag-nantes","16":"tag-news","17":"tag-pays-de-la-loire","18":"tag-reglement-de-compte","19":"tag-republique-francaise","20":"tag-violence"},"share_on_mastodon":{"url":"https:\/\/pubeurope.com\/@fr\/115569945882947682","error":""},"_links":{"self":[{"href":"https:\/\/www.europesays.com\/fr\/wp-json\/wp\/v2\/posts\/542167","targetHints":{"allow":["GET"]}}],"collection":[{"href":"https:\/\/www.europesays.com\/fr\/wp-json\/wp\/v2\/posts"}],"about":[{"href":"https:\/\/www.europesays.com\/fr\/wp-json\/wp\/v2\/types\/post"}],"author":[{"embeddable":true,"href":"https:\/\/www.europesays.com\/fr\/wp-json\/wp\/v2\/users\/2"}],"replies":[{"embeddable":true,"href":"https:\/\/www.europesays.com\/fr\/wp-json\/wp\/v2\/comments?post=542167"}],"version-history":[{"count":0,"href":"https:\/\/www.europesays.com\/fr\/wp-json\/wp\/v2\/posts\/542167\/revisions"}],"wp:featuredmedia":[{"embeddable":true,"href":"https:\/\/www.europesays.com\/fr\/wp-json\/wp\/v2\/media\/542168"}],"wp:attachment":[{"href":"https:\/\/www.europesays.com\/fr\/wp-json\/wp\/v2\/media?parent=542167"}],"wp:term":[{"taxonomy":"category","embeddable":true,"href":"https:\/\/www.europesays.com\/fr\/wp-json\/wp\/v2\/categories?post=542167"},{"taxonomy":"post_tag","embeddable":true,"href":"https:\/\/www.europesays.com\/fr\/wp-json\/wp\/v2\/tags?post=542167"}],"curies":[{"name":"wp","href":"https:\/\/api.w.org\/{rel}","templated":true}]}}