{"id":542179,"date":"2025-11-18T09:22:15","date_gmt":"2025-11-18T09:22:15","guid":{"rendered":"https:\/\/www.europesays.com\/fr\/542179\/"},"modified":"2025-11-18T09:22:15","modified_gmt":"2025-11-18T09:22:15","slug":"le-transfert-des-detenus-commence-ce-mardi","status":"publish","type":"post","link":"https:\/\/www.europesays.com\/fr\/542179\/","title":{"rendered":"le transfert des d\u00e9tenus commence ce mardi"},"content":{"rendered":"<p>Une bouff\u00e9e d\u2019air mais pour combien de temps ? Ce mardi 18\u00a0novembre, les <a href=\"https:\/\/www.laprovence.com\/article\/region\/1844951113822514\/baumettes-3-a-marseille-surveillants-soignants-avocats-et-magistrats-denoncent-une-ouverture-precipitee\" target=\"_blank\" rel=\"noopener\">nouveaux b\u00e2timents Baumettes 3<\/a> ouvrent leurs portes. Avec cette extension, pr\u00e9vue par le minist\u00e8re de la Justice dans le cadre du plan \u00ab\u00a0<a href=\"https:\/\/www.laprovence.com\/article\/societe\/167961303583415\/prisons-lobjectif-de-15000-places-supplementaires-en-2027-ne-sera-pas-atteint-dit-le-ministre-de-la-justice\" target=\"_blank\" rel=\"noopener\">15\u00a0000 places en prison<\/a>\u00a0\u00bb lanc\u00e9 en\u00a02017 par Emmanuel Macron pour lutter contre la <a href=\"https:\/\/www.laprovence.com\/article\/faits-divers-justice\/42229563827376\/surpopulation-carcerale-l-indignite-est-devenue-acceptable-et-gerable\" target=\"_blank\" rel=\"noopener\">surpopulation carc\u00e9rale<\/a>, le centre p\u00e9nitentiaire Marseille Baumettes (9e) dispose de 743 places suppl\u00e9mentaires dans des b\u00e2timents gris tout juste achev\u00e9s.<\/p>\n<p>Ces nouvelles cellules seront dans un premier temps affect\u00e9es aux d\u00e9tenus des Baumettes afin de d\u00e9sengorger ce centre qui, au 1er octobre, selon les chiffres du minist\u00e8re de la Justice, affichait un taux d\u2019occupation de 195,5 %, avec 1\u00a0003 d\u00e9tenus pour 513 places. Selon nos informations &#8211; la direction n\u2019a pas donn\u00e9 suite \u00e0 nos demandes -,<strong> <\/strong>une centaine de d\u00e9tenus devraient \u00eatre transf\u00e9r\u00e9s chaque semaine, \u00e0 compter de ce mardi et jusqu\u2019\u00e0 mi-d\u00e9cembre, avec une priorit\u00e9 donn\u00e9e aux quartiers des arrivants o\u00f9 s\u2019entassent 2\u00a0089 personnes, soit un taux d\u2019occupation de 209\u00a0%.<\/p>\n<p>\u00ab\u00a0D\u00e9sengorger temporairement les Baumettes\u00a0\u00bb<\/p>\n<p>\u00ab\u00a0Actuellement, au quartier des arrivants et dans les b\u00e2timents hommes, 109\u00a0d\u00e9tenus dorment sur des matelas au sol, d\u00e9nonce A\u00efcha Khelfa, sec&#8230;<\/p>\n","protected":false},"excerpt":{"rendered":"Une bouff\u00e9e d\u2019air mais pour combien de temps ? Ce mardi 18\u00a0novembre, les nouveaux b\u00e2timents Baumettes 3 ouvrent&hellip;\n","protected":false},"author":2,"featured_media":542180,"comment_status":"","ping_status":"","sticky":false,"template":"","format":"standard","meta":{"footnotes":""},"categories":[2814],"tags":[17,1111,11,2829,154,17316,1777,674,1011,27,884,12,14570,882,16,25,969],"class_list":{"0":"post-542179","1":"post","2":"type-post","3":"status-publish","4":"format-standard","5":"has-post-thumbnail","7":"category-marseille","8":"tag-17","9":"tag-actu","10":"tag-actualites","11":"tag-baumettes","12":"tag-des","13":"tag-detenus","14":"tag-eu","15":"tag-europe","16":"tag-fr","17":"tag-france","18":"tag-marseille","19":"tag-news","20":"tag-ouverture","21":"tag-provence-alpes-cote-dazur","22":"tag-region","23":"tag-republique-francaise","24":"tag-transfert"},"share_on_mastodon":{"url":"https:\/\/pubeurope.com\/@fr\/115569973311873698","error":""},"_links":{"self":[{"href":"https:\/\/www.europesays.com\/fr\/wp-json\/wp\/v2\/posts\/542179","targetHints":{"allow":["GET"]}}],"collection":[{"href":"https:\/\/www.europesays.com\/fr\/wp-json\/wp\/v2\/posts"}],"about":[{"href":"https:\/\/www.europesays.com\/fr\/wp-json\/wp\/v2\/types\/post"}],"author":[{"embeddable":true,"href":"https:\/\/www.europesays.com\/fr\/wp-json\/wp\/v2\/users\/2"}],"replies":[{"embeddable":true,"href":"https:\/\/www.europesays.com\/fr\/wp-json\/wp\/v2\/comments?post=542179"}],"version-history":[{"count":0,"href":"https:\/\/www.europesays.com\/fr\/wp-json\/wp\/v2\/posts\/542179\/revisions"}],"wp:featuredmedia":[{"embeddable":true,"href":"https:\/\/www.europesays.com\/fr\/wp-json\/wp\/v2\/media\/542180"}],"wp:attachment":[{"href":"https:\/\/www.europesays.com\/fr\/wp-json\/wp\/v2\/media?parent=542179"}],"wp:term":[{"taxonomy":"category","embeddable":true,"href":"https:\/\/www.europesays.com\/fr\/wp-json\/wp\/v2\/categories?post=542179"},{"taxonomy":"post_tag","embeddable":true,"href":"https:\/\/www.europesays.com\/fr\/wp-json\/wp\/v2\/tags?post=542179"}],"curies":[{"name":"wp","href":"https:\/\/api.w.org\/{rel}","templated":true}]}}