{"id":54218,"date":"2025-04-26T11:03:09","date_gmt":"2025-04-26T11:03:09","guid":{"rendered":"https:\/\/www.europesays.com\/fr\/54218\/"},"modified":"2025-04-26T11:03:09","modified_gmt":"2025-04-26T11:03:09","slug":"les-cambrioleurs-ecumaient-louest-lyonnais-ils-nauront-plus-le-droit-de-remettre-les-pieds-en-france","status":"publish","type":"post","link":"https:\/\/www.europesays.com\/fr\/54218\/","title":{"rendered":"les cambrioleurs \u00e9cumaient l&rsquo;Ouest lyonnais, ils n&rsquo;auront plus le droit de remettre les pieds en France"},"content":{"rendered":"<p>Pr\u00e8s de Lyon : les cambrioleurs \u00e9cumaient l&rsquo;Ouest lyonnais, ils n&rsquo;auront plus le droit de remettre les pieds en France &#8211; LyonMag<\/p>\n<p itemprop=\"description\"><strong>C&rsquo;est \u00e0 l&rsquo;ombre que ces deux malfaiteurs termineront leur passage en France.<\/strong><\/p>\n<p>Gr\u00e2ce \u00e0 la gendarmerie du Rh\u00f4ne, ils ont \u00e9t\u00e9 interpell\u00e9s apr\u00e8s avoir commis plusieurs cambriolages dans l&rsquo;Ouest lyonnais.<\/p>\n<p>D\u00e9but avril, les militaires \u00e9taient inform\u00e9s que trois cambriolages avaient eu lieu \u00e0 Saint-Genis-les-Olli\u00e8res. Ils faisaient rapidement le lien avec deux autres faits signal\u00e9s \u00e0 Vourles la semaine pr\u00e9c\u00e9dente.<\/p>\n<p>De l&rsquo;ADN \u00e9tait notamment pr\u00e9lev\u00e9. Et les t\u00e9moignages des victimes et des riverains permettaient de se procurer le signalement d&rsquo;un v\u00e9hicule suspect, pr\u00e9sent sur les lieux des cambriolages.<\/p>\n<p>Rep\u00e9r\u00e9 dans l&rsquo;agglom\u00e9ration, ce dernier \u00e9tait plac\u00e9 sous surveillance afin de pincer les cambrioleurs en flagrant d\u00e9lit. Arr\u00eat\u00e9s vendredi dernier par les gendarmes de l&rsquo;Arbresle et de Dardilly alors qu&rsquo;ils allaient passer \u00e0 l&rsquo;acte, les deux hommes ont \u00e9t\u00e9 jug\u00e9s dans la semaine dans le cadre d&rsquo;une comparution imm\u00e9diate.<\/p>\n<p>Poursuivis pour respectivement 6 et 3 cambriolages, ainsi qu&rsquo;une tentative chacun, les pr\u00e9venus ont \u00e9cop\u00e9 d&rsquo;un an de prison ferme. A l&rsquo;issue de leur peine, ils auront l&rsquo;interdiction de se rendre en France pendant 5 ans.<\/p>\n","protected":false},"excerpt":{"rendered":"Pr\u00e8s de Lyon : les cambrioleurs \u00e9cumaient l&rsquo;Ouest lyonnais, ils n&rsquo;auront plus le droit de remettre les pieds&hellip;\n","protected":false},"author":2,"featured_media":54219,"comment_status":"","ping_status":"","sticky":false,"template":"","format":"standard","meta":{"footnotes":""},"categories":[1889],"tags":[1111,11,2813,2190,2430,1109,251,1112,2811,1777,674,118,1011,27,1922,1110,1114,2428,2810,12,241,316,25,2812,517,800],"class_list":{"0":"post-54218","1":"post","2":"type-post","3":"status-publish","4":"format-standard","5":"has-post-thumbnail","7":"category-lyon","8":"tag-actu","9":"tag-actualites","10":"tag-article","11":"tag-asvel","12":"tag-auvergne-rhone-alpes","13":"tag-breves","14":"tag-culture","15":"tag-depeches","16":"tag-economique","17":"tag-eu","18":"tag-europe","19":"tag-faits-divers","20":"tag-fr","21":"tag-france","22":"tag-info","23":"tag-informations","24":"tag-infos","25":"tag-lyon","26":"tag-lyonmag","27":"tag-news","28":"tag-ol","29":"tag-politique","30":"tag-republique-francaise","31":"tag-sociale","32":"tag-sport","33":"tag-transports"},"share_on_mastodon":{"url":"https:\/\/pubeurope.com\/@fr\/114403934449484834","error":""},"_links":{"self":[{"href":"https:\/\/www.europesays.com\/fr\/wp-json\/wp\/v2\/posts\/54218","targetHints":{"allow":["GET"]}}],"collection":[{"href":"https:\/\/www.europesays.com\/fr\/wp-json\/wp\/v2\/posts"}],"about":[{"href":"https:\/\/www.europesays.com\/fr\/wp-json\/wp\/v2\/types\/post"}],"author":[{"embeddable":true,"href":"https:\/\/www.europesays.com\/fr\/wp-json\/wp\/v2\/users\/2"}],"replies":[{"embeddable":true,"href":"https:\/\/www.europesays.com\/fr\/wp-json\/wp\/v2\/comments?post=54218"}],"version-history":[{"count":0,"href":"https:\/\/www.europesays.com\/fr\/wp-json\/wp\/v2\/posts\/54218\/revisions"}],"wp:featuredmedia":[{"embeddable":true,"href":"https:\/\/www.europesays.com\/fr\/wp-json\/wp\/v2\/media\/54219"}],"wp:attachment":[{"href":"https:\/\/www.europesays.com\/fr\/wp-json\/wp\/v2\/media?parent=54218"}],"wp:term":[{"taxonomy":"category","embeddable":true,"href":"https:\/\/www.europesays.com\/fr\/wp-json\/wp\/v2\/categories?post=54218"},{"taxonomy":"post_tag","embeddable":true,"href":"https:\/\/www.europesays.com\/fr\/wp-json\/wp\/v2\/tags?post=54218"}],"curies":[{"name":"wp","href":"https:\/\/api.w.org\/{rel}","templated":true}]}}