{"id":542183,"date":"2025-11-18T09:25:13","date_gmt":"2025-11-18T09:25:13","guid":{"rendered":"https:\/\/www.europesays.com\/fr\/542183\/"},"modified":"2025-11-18T09:25:13","modified_gmt":"2025-11-18T09:25:13","slug":"un-grand-vide-dressing-dhiver-de-mamans-lyonnaises","status":"publish","type":"post","link":"https:\/\/www.europesays.com\/fr\/542183\/","title":{"rendered":"Un grand vide dressing d\u2019hiver de mamans lyonnaises"},"content":{"rendered":"<p>Alors que le froid vient de s\u2019installer \u00e0 Lyon et sur le Rh\u00f4ne, les \u00e9charpes, bonnets, gants, pulls et gros manteaux ont fait leur retour dans les placards.\u00a0<\/p>\n<p>Si vous \u00eates \u00e0 la recherche de p\u00e9pites pour cet hiver afin de faire face \u00e0 cette baisse des temp\u00e9ratures, la boutique Pastel, sp\u00e9cialis\u00e9e dans la seconde main, organise un grand vide dressing. Le rendez-vous est donn\u00e9 ce vendredi 21 et ce samedi 22 novembre au sein du magasin situ\u00e9 123 rue S\u00e9bastien Gryphe dans le 7e arrondissement de Lyon.<\/p>\n<p>Les pi\u00e8ces s\u00e9lectionn\u00e9es ne d\u00e9passeront pas les 10 euros avec de nombreuses marques pr\u00e9sentes comme S\u00e9zane, American Vintage, Sessun, Balzac, Petit Bateau, Jacadi\u2026\u00a0<\/p>\n<p>La particularit\u00e9 de l\u2019\u00e9v\u00e8nement ? Cinq mamans lyonnaises auront \u00e9galement fait du tri pour proposer au public des v\u00eatements et des accessoires pour femmes et enfants \u00e0 petits prix. Il s\u2019agit de Ma\u00ebva des comptes <a href=\"https:\/\/www.instagram.com\/mammaganglyon\/\" target=\"_blank\" rel=\"noopener\">@mammaganglyon<\/a> et <a href=\"https:\/\/www.instagram.com\/lameutelyonnaise\/\" target=\"_blank\" rel=\"noopener\">@lameutelyonnaise<\/a>, de Sophie du compte <a href=\"https:\/\/www.instagram.com\/lyoncandoit\/\" target=\"_blank\" rel=\"noopener\">@lyoncandoit<\/a>, d\u2019Alicia du compte <a href=\"https:\/\/www.instagram.com\/aliciamechani\/\" target=\"_blank\" rel=\"noopener\">@aliciamechani<\/a> et des s\u0153urs Alice et Clara du compte <a href=\"https:\/\/www.instagram.com\/jumelleln\/\" target=\"_blank\" rel=\"noopener\">@jumelleln<\/a><\/p>\n<p>Entr\u00e9e gratuite de 10h \u00e0 19h.<\/p>\n<blockquote class=\"instagram-media\" style=\"background: #FFF; border: 0; border-radius: 3px; box-shadow: 0 0 1px 0 rgba(0,0,0,0.5),0 1px 10px 0 rgba(0,0,0,0.15); margin: 1px; max-width: 540px; min-width: 326px; padding: 0; width: calc(100% - 2px);\" data-instgrm-captioned=\"\" data-instgrm-permalink=\"https:\/\/www.instagram.com\/reel\/DRK3L5yjsGD\/?utm_source=ig_embed&amp;utm_campaign=loading\" data-instgrm-version=\"14\"><p>&#13;<br \/>\n&#13;\n<\/p><\/blockquote>\n<p>\t\t  <script async src=\"\/\/www.instagram.com\/embed.js\"><\/script><\/p>\n","protected":false},"excerpt":{"rendered":"Alors que le froid vient de s\u2019installer \u00e0 Lyon et sur le Rh\u00f4ne, les \u00e9charpes, bonnets, gants, pulls&hellip;\n","protected":false},"author":2,"featured_media":542184,"comment_status":"","ping_status":"","sticky":false,"template":"","format":"standard","meta":{"footnotes":""},"categories":[1889],"tags":[1111,11,2813,2190,2430,1109,251,1112,2811,1777,674,118,1294,4651,1011,27,1922,1110,1114,2428,4903,4902,12,241,316,25,2812,517,800],"class_list":{"0":"post-542183","1":"post","2":"type-post","3":"status-publish","4":"format-standard","5":"has-post-thumbnail","7":"category-lyon","8":"tag-actu","9":"tag-actualites","10":"tag-article","11":"tag-asvel","12":"tag-auvergne-rhone-alpes","13":"tag-breves","14":"tag-culture","15":"tag-depeches","16":"tag-economique","17":"tag-eu","18":"tag-europe","19":"tag-faits-divers","20":"tag-femme","21":"tag-femmes","22":"tag-fr","23":"tag-france","24":"tag-info","25":"tag-informations","26":"tag-infos","27":"tag-lyon","28":"tag-lyonfemme","29":"tag-lyonfemmes","30":"tag-news","31":"tag-ol","32":"tag-politique","33":"tag-republique-francaise","34":"tag-sociale","35":"tag-sport","36":"tag-transports"},"share_on_mastodon":{"url":"https:\/\/pubeurope.com\/@fr\/115569985165849822","error":""},"_links":{"self":[{"href":"https:\/\/www.europesays.com\/fr\/wp-json\/wp\/v2\/posts\/542183","targetHints":{"allow":["GET"]}}],"collection":[{"href":"https:\/\/www.europesays.com\/fr\/wp-json\/wp\/v2\/posts"}],"about":[{"href":"https:\/\/www.europesays.com\/fr\/wp-json\/wp\/v2\/types\/post"}],"author":[{"embeddable":true,"href":"https:\/\/www.europesays.com\/fr\/wp-json\/wp\/v2\/users\/2"}],"replies":[{"embeddable":true,"href":"https:\/\/www.europesays.com\/fr\/wp-json\/wp\/v2\/comments?post=542183"}],"version-history":[{"count":0,"href":"https:\/\/www.europesays.com\/fr\/wp-json\/wp\/v2\/posts\/542183\/revisions"}],"wp:featuredmedia":[{"embeddable":true,"href":"https:\/\/www.europesays.com\/fr\/wp-json\/wp\/v2\/media\/542184"}],"wp:attachment":[{"href":"https:\/\/www.europesays.com\/fr\/wp-json\/wp\/v2\/media?parent=542183"}],"wp:term":[{"taxonomy":"category","embeddable":true,"href":"https:\/\/www.europesays.com\/fr\/wp-json\/wp\/v2\/categories?post=542183"},{"taxonomy":"post_tag","embeddable":true,"href":"https:\/\/www.europesays.com\/fr\/wp-json\/wp\/v2\/tags?post=542183"}],"curies":[{"name":"wp","href":"https:\/\/api.w.org\/{rel}","templated":true}]}}