{"id":542185,"date":"2025-11-18T09:26:12","date_gmt":"2025-11-18T09:26:12","guid":{"rendered":"https:\/\/www.europesays.com\/fr\/542185\/"},"modified":"2025-11-18T09:26:12","modified_gmt":"2025-11-18T09:26:12","slug":"une-fillette-de-4-ans-retrouvee-morte-pres-de-lyon-victime-dun-infanticide-liberation","status":"publish","type":"post","link":"https:\/\/www.europesays.com\/fr\/542185\/","title":{"rendered":"Une fillette de 4\u00a0ans retrouv\u00e9e morte pr\u00e8s de Lyon, victime d\u2019un \u00abinfanticide\u00bb \u2013 Lib\u00e9ration"},"content":{"rendered":"<p class=\"sc-cPiKLX AiZTS text-element\">Une fillette de quatre ans a \u00e9t\u00e9 retrouv\u00e9e morte, <a href=\"https:\/\/www.liberation.fr\/societe\/police-justice\/la-depression-post-partum-est-partout-dans-cette-affaire-aux-assises-de-gironde-le-douloureux-proces-dun-double-infanticide-20251116_WTGG4GJUMNHPDLE3VH5DCEDSDI\/?redirected=1\" target=\"_blank\" rel=\"noreferrer nofollow noopener\" title=\"https:\/\/www.liberation.fr\/societe\/police-justice\/la-depression-post-partum-est-partout-dans-cette-affaire-aux-assises-de-gironde-le-douloureux-proces-dun-double-infanticide-20251116_WTGG4GJUMNHPDLE3VH5DCEDSDI\/?redirected=1\">victime d\u2019un \u00abinfanticide\u00bb,<\/a> lundi soir \u00e0 Montrottier (Rh\u00f4ne), \u00e0 l\u2019ouest de Lyon, a-t-on appris ce mardi de source proche du dossier.<\/p>\n<p class=\"sc-cPiKLX AiZTS text-element\">La m\u00e8re de la victime, pr\u00e9sente sur les lieux, aurait elle-m\u00eame pr\u00e9venu les secours et la gendarmerie, indique le quotidien r\u00e9gional <a href=\"https:\/\/www.leprogres.fr\/faits-divers-justice\/2025\/11\/18\/infanticide-au-nord-ouest-de-lyon-une-mere-soupconnee-d-avoir-tuee-sa-fille-de-4-ans\" target=\"_blank\" rel=\"noreferrer nofollow noopener\" title=\"https:\/\/www.leprogres.fr\/faits-divers-justice\/2025\/11\/18\/infanticide-au-nord-ouest-de-lyon-une-mere-soupconnee-d-avoir-tuee-sa-fille-de-4-ans\">Le Progr\u00e8s<\/a>. Soup\u00e7onn\u00e9e d\u2019\u00eatre l\u2019auteur des faits, commis dans le domicile familial, elle a \u00e9t\u00e9 interpell\u00e9e puis transf\u00e9r\u00e9e vers un h\u00f4pital lyonnais, rapporte une source proche du dossier. Les causes du d\u00e9c\u00e8s restent encore inconnues.<\/p>\n<p class=\"sc-cPiKLX AiZTS text-element\">Aupr\u00e8s de Lib\u00e9ration, le maire de la commune, Michel Gouget, pr\u00e9sent lors de l\u2019interpellation de la jeune m\u00e8re \u00e2g\u00e9e \u00abde plus d\u2019une trentaine d\u2019ann\u00e9es\u00bb, explique que cette derni\u00e8re s\u2019\u00e9tait install\u00e9e, avec sa fille, dans le village \u00abil y a environ deux ans\u00bb. Une famille \u00absans histoire\u00bb selon l\u2019\u00e9dile.<\/p>\n<p class=\"sc-cPiKLX AiZTS text-element\">Contact\u00e9 par Lib\u00e9ration, le parquet de Lyon n\u2019a, pour le moment, pas donn\u00e9 suite.<\/p>\n<p class=\"sc-cPiKLX AiZTS text-element\"><b>Plus d\u2019informations \u00e0 venir\u2026<\/b><\/p>\n","protected":false},"excerpt":{"rendered":"Une fillette de quatre ans a \u00e9t\u00e9 retrouv\u00e9e morte, victime d\u2019un \u00abinfanticide\u00bb, lundi soir \u00e0 Montrottier (Rh\u00f4ne), \u00e0&hellip;\n","protected":false},"author":2,"featured_media":542186,"comment_status":"","ping_status":"","sticky":false,"template":"","format":"standard","meta":{"footnotes":""},"categories":[1889],"tags":[1111,11,2430,1777,674,118,1011,27,2428,12,25],"class_list":{"0":"post-542185","1":"post","2":"type-post","3":"status-publish","4":"format-standard","5":"has-post-thumbnail","7":"category-lyon","8":"tag-actu","9":"tag-actualites","10":"tag-auvergne-rhone-alpes","11":"tag-eu","12":"tag-europe","13":"tag-faits-divers","14":"tag-fr","15":"tag-france","16":"tag-lyon","17":"tag-news","18":"tag-republique-francaise"},"share_on_mastodon":{"url":"https:\/\/pubeurope.com\/@fr\/115569988907561669","error":""},"_links":{"self":[{"href":"https:\/\/www.europesays.com\/fr\/wp-json\/wp\/v2\/posts\/542185","targetHints":{"allow":["GET"]}}],"collection":[{"href":"https:\/\/www.europesays.com\/fr\/wp-json\/wp\/v2\/posts"}],"about":[{"href":"https:\/\/www.europesays.com\/fr\/wp-json\/wp\/v2\/types\/post"}],"author":[{"embeddable":true,"href":"https:\/\/www.europesays.com\/fr\/wp-json\/wp\/v2\/users\/2"}],"replies":[{"embeddable":true,"href":"https:\/\/www.europesays.com\/fr\/wp-json\/wp\/v2\/comments?post=542185"}],"version-history":[{"count":0,"href":"https:\/\/www.europesays.com\/fr\/wp-json\/wp\/v2\/posts\/542185\/revisions"}],"wp:featuredmedia":[{"embeddable":true,"href":"https:\/\/www.europesays.com\/fr\/wp-json\/wp\/v2\/media\/542186"}],"wp:attachment":[{"href":"https:\/\/www.europesays.com\/fr\/wp-json\/wp\/v2\/media?parent=542185"}],"wp:term":[{"taxonomy":"category","embeddable":true,"href":"https:\/\/www.europesays.com\/fr\/wp-json\/wp\/v2\/categories?post=542185"},{"taxonomy":"post_tag","embeddable":true,"href":"https:\/\/www.europesays.com\/fr\/wp-json\/wp\/v2\/tags?post=542185"}],"curies":[{"name":"wp","href":"https:\/\/api.w.org\/{rel}","templated":true}]}}