{"id":542187,"date":"2025-11-18T09:28:23","date_gmt":"2025-11-18T09:28:23","guid":{"rendered":"https:\/\/www.europesays.com\/fr\/542187\/"},"modified":"2025-11-18T09:28:23","modified_gmt":"2025-11-18T09:28:23","slug":"la-neige-attendue-jeudi-a-paris-et-en-ile-de-france-les-previsions-des-prochains-jours","status":"publish","type":"post","link":"https:\/\/www.europesays.com\/fr\/542187\/","title":{"rendered":"La neige attendue jeudi \u00e0 Paris et en \u00cele-de-France, les pr\u00e9visions des prochains jours"},"content":{"rendered":"<p class=\"paragraph text_align_left lp-f-body-02\">La saison froide s\u2019installe <a href=\"https:\/\/www.leparisien.fr\/meteo\/meteo-de-la-semaine-gelees-perturbations-neige-en-plaine-lhiver-signe-son-grand-retour-sur-lhexagone-17-11-2025-JH2QV6RXRJDANI4TPTRF6F2SYI.php\" target=\"_blank\" rel=\"noreferrer nofollow noopener\">cette semaine en France<\/a>. Avec elle et l\u2019arriv\u00e9e de nouvelles pr\u00e9cipitations dans les prochains jours, la neige va faire son retour sur les massifs, mais elle pourrait aussi tomber en plaine, selon les pr\u00e9visions de <a href=\"https:\/\/meteofrance.com\/actualites-et-dossiers\/actualites\/une-semaine-hivernale\" target=\"_blank\" rel=\"noreferrer nofollow noopener\">M\u00e9t\u00e9o France<\/a>.<\/p>\n<p class=\"paragraph text_align_left lp-f-body-02\">Depuis la fin du week-end, un changement de masse d\u2019air s\u2019est op\u00e9r\u00e9. Le courant dominant trouve dor\u00e9navant son origine au-del\u00e0 du cercle arctique. Lundi apr\u00e8s-midi, les temp\u00e9ratures maximales n\u2019ont ainsi souvent affich\u00e9 qu\u2019un seul chiffre au compteur. Ce mardi matin, comme le montre cette carte de <a href=\"https:\/\/www.meteociel.fr\/observations-meteo\/temperatures.php?region=\" target=\"_blank\" rel=\"noreferrer nofollow noopener\">M\u00e9t\u00e9ociel<\/a>, les gel\u00e9es ont concern\u00e9 quasiment tout le pays, sauf les zones littorales, pour la premi\u00e8re fois de l\u2019automne.<\/p>\n<p><img decoding=\"async\" class=\"image \" loading=\"lazy\" src=\"https:\/\/www.europesays.com\/fr\/wp-content\/uploads\/2025\/11\/GI4ZRC4RKRFPNF4KMM5T6UHAHA.png\" alt=\"\/M\u00e9t\u00e9ociel\" align=\"\" data-rubrique-principale=\"\" data-article-type=\"\" fetchpriority=\"auto\"\/>\/M\u00e9t\u00e9ociel<\/p>\n<p class=\"paragraph text_align_left lp-f-body-02\">Des valeurs autour de -5\u00b0C ont \u00e9t\u00e9 r\u00e9guli\u00e8rement atteintes dans le Nord-Est. Le contraste est saisissant avec la situation qui pr\u00e9valait encore vendredi. La situation \u00e9tait compl\u00e8tement hors normes pour une mi-novembre avec une nuit au cours de laquelle les temp\u00e9ratures avaient \u00e9t\u00e9 similaires \u00e0 <a href=\"https:\/\/www.leparisien.fr\/meteo\/15-c-a-paris-17-c-a-bordeaux-la-france-a-connu-une-nuit-dete-en-plein-mois-de-novembre-14-11-2025-V2HVZ2TR6ZA3JAPLS7SEVBZPOA.php\" target=\"_blank\" rel=\"noreferrer nofollow noopener\">celles d\u2019une nuit d\u2019\u00e9t\u00e9<\/a>.<\/p>\n<p>Mercredi\u00a0: premi\u00e8re neige \u00e0 basse altitude<\/p>\n<p class=\"paragraph text_align_left lp-f-body-02\">Ce mardi, le ciel va rester globalement calme. Seules les c\u00f4tes de la Manche et la Corse seront arros\u00e9es.<\/p>\n<p class=\"paragraph text_align_left lp-f-body-02\">La situation \u00e9volue \u00e0 partir de mercredi. Les massifs seront concern\u00e9s par des chutes de neige \u00e0 un moment ou un autre. Surtout, la limite pluie-neige va s\u2019abaisser par endroits. \u00ab\u00a0On pourrait observer de la neige jusqu\u2019en plaine pr\u00e8s des fronti\u00e8res belge et allemande en matin\u00e9e\u00a0\u00bb, selon M\u00e9t\u00e9o France. \u00ab\u00a0En abordant le Massif Central, la neige tombe d\u00e8s 700\u00a0m d\u2019altitude, puis d\u00e8s 500\u00a0m sur les Alpes en soir\u00e9e.\u00a0\u00bb Les Pyr\u00e9n\u00e9es seraient aussi concern\u00e9es pendant la soir\u00e9e.<\/p>\n<p>Jeudi\u00a0: journ\u00e9e la plus neigeuse, la r\u00e9gion parisienne concern\u00e9e<\/p>\n<p class=\"paragraph text_align_left lp-f-body-02\">Pour l\u2019instant, il est pr\u00e9vu que jeudi soit la journ\u00e9e la plus expos\u00e9e \u00e0 un risque de neige dans un grand nombre de r\u00e9gions. Il est toutefois important de rappeler que la survenue de la neige en plaine d\u00e9pend de facteurs plus incertains qu\u2019en altitude. Une l\u00e9g\u00e8re variation de temp\u00e9rature peut la transformer en pluie. Les cumuls peuvent donc \u00eatre plus ou moins importants que ce qui a \u00e9t\u00e9 annonc\u00e9\u00a0; il ne peut aussi tomber absolument aucun flocon.<\/p>\n<p class=\"paragraph text_align_left lp-f-body-02\">\u00ab\u00a0Des Hauts-de-France aux fronti\u00e8res suisse et allemande, des chutes de neige pourraient se produire jusqu\u2019en plaine, sous forme d\u2019averses, notamment sur le Grand Est, la Bourgogne-Franche-Comt\u00e9, le nord d\u2019Auvergne-Rh\u00f4ne-Alpes\u00a0\u00bb, estime M\u00e9t\u00e9o France.<\/p>\n<p class=\"paragraph text_align_left lp-f-body-02\">Dans le cas de l\u2019\u00cele-de-France et du Centre-Val de Loire, \u00ab\u00a0pluie et neige m\u00eal\u00e9es\u00a0\u00bb sont possibles. Par ailleurs \u00ab\u00a0des giboul\u00e9es neigeuses sont possibles pr\u00e8s des c\u00f4tes de la Manche\u00a0\u00bb. Dans le sud de l\u2019Aquitaine et les Pyr\u00e9n\u00e9es, les flocons ne devraient pas descendre sous 700\u00a0m.<\/p>\n<p class=\"paragraph text_align_left lp-f-body-02\">Enfin, la Normandie pourrait aussi \u00eatre concern\u00e9e. Comme l\u2019explique <a href=\"https:\/\/actualite.lachainemeteo.com\/actualite-meteo\/2025-11-17\/neige-ou-va-t-elle-tomber-cette-semaine-83222\" target=\"_blank\" rel=\"noreferrer nofollow noopener\">La cha\u00eene m\u00e9t\u00e9o<\/a>, \u00ab\u00a0des averses de neige se d\u00e9clencheront dans les collines normandes\u00a0\u00bb. Les sols n\u2019\u00e9tant pas assez refroidis et les pr\u00e9cipitations ne devant pas \u00eatre massives, le m\u00e9dia sp\u00e9cialis\u00e9 consid\u00e8re que \u00ab\u00a0les saupoudrages resteront \u00e9ph\u00e9m\u00e8res et localis\u00e9s\u00a0\u00bb.<\/p>\n<p class=\"paragraph text_align_left lp-f-body-02\">Quatre mod\u00e8les m\u00e9t\u00e9orologiques diff\u00e9rents viennent \u00e0 l\u2019appui de cette analyse pour la journ\u00e9e de jeudi. Ils confirment deux choses. La premi\u00e8re est qu\u2019ils s\u2019accordent tous sur la pr\u00e9sence de flocons en plaine jeudi dans l\u2019apr\u00e8s-midi et en fin de journ\u00e9e\u00a0; la seconde est qu\u2019ils ne tablent tous que sur de faibles quantit\u00e9s.<\/p>\n<p class=\"paragraph text_align_left lp-f-body-02\">Le mod\u00e8le <a href=\"https:\/\/www.meteociel.fr\/modeles\/arpege.php?ech=3&amp;mode=45&amp;map=300\" target=\"_blank\" rel=\"noreferrer nofollow noopener\">Arp\u00e8ge<\/a>, de M\u00e9t\u00e9o France, mise sur de la neige allant de la Bretagne \u00e0 l\u2019Alsace en passant par la r\u00e9gion parisienne. Les collines normandes en recevraient un peu plus qu\u2019ailleurs.<\/p>\n<p><img decoding=\"async\" class=\"image \" loading=\"lazy\" src=\"https:\/\/www.europesays.com\/fr\/wp-content\/uploads\/2025\/11\/RMHYOMQI7NG6VETQ4J4ZM2TFM4.png\" alt=\"\/M\u00e9t\u00e9ociel\" align=\"\" data-rubrique-principale=\"\" data-article-type=\"\" fetchpriority=\"auto\"\/>\/M\u00e9t\u00e9ociel<\/p>\n<p class=\"paragraph text_align_left lp-f-body-02\">Le mod\u00e8le europ\u00e9en <a href=\"https:\/\/www.meteociel.fr\/modeles\/ecmwf_aifs.php?ech=6&amp;mode=45&amp;carte=2&amp;aifs=2\" target=\"_blank\" rel=\"noreferrer nofollow noopener\">ECMWF<\/a>, dans sa version avec intelligence artificielle, ratisse plus large. C\u2019est quasiment toutes les r\u00e9gions de la moiti\u00e9 nord du pays qu\u2019il juge concern\u00e9es, sauf les plus proches de l\u2019Atlantique et de la Manche dans le d\u00e9partement du m\u00eame nom ainsi que dans le Finist\u00e8re.<\/p>\n<p><img decoding=\"async\" class=\"image \" loading=\"lazy\" src=\"https:\/\/www.europesays.com\/fr\/wp-content\/uploads\/2025\/11\/A2N2KWVO3FEHTDZBM3AYDR53PE.png\" alt=\"\/M\u00e9t\u00e9ociel\" align=\"\" data-rubrique-principale=\"\" data-article-type=\"\" fetchpriority=\"auto\"\/>\/M\u00e9t\u00e9ociel<\/p>\n<p class=\"paragraph text_align_left lp-f-body-02\">Le canadien <a href=\"https:\/\/www.meteociel.fr\/modeles\/geme_cartes.php?ech=6&amp;mode=16&amp;carte=3\" target=\"_blank\" rel=\"noreferrer nofollow noopener\">Gem<\/a> vise, lui, moins large. Il se restreint au quart nord-est du pays. Mais comme les autres, il juge possible des flocons en \u00cele-de-France, en Seine-et-Marne notamment.<\/p>\n<p><img decoding=\"async\" class=\"image \" loading=\"lazy\" src=\"https:\/\/www.europesays.com\/fr\/wp-content\/uploads\/2025\/11\/4KNBZKMFCRHGBDDWM4CPM5M7A4.png\" alt=\"\/M\u00e9t\u00e9ociel\" align=\"\" data-rubrique-principale=\"\" data-article-type=\"\" fetchpriority=\"auto\"\/>\/M\u00e9t\u00e9ociel<\/p>\n<p class=\"paragraph text_align_left lp-f-body-02\">La tendance est \u00e0 peu pr\u00e8s la m\u00eame pour l\u2019allemand <a href=\"https:\/\/www.meteociel.fr\/modeles\/icon-eu.php?ech=3&amp;mode=45&amp;map=500\" target=\"_blank\" rel=\"noreferrer nofollow noopener\">Icon<\/a>. Mais il fait partie de ceux qui entrevoient la pr\u00e9sence de flocons en Normandie.<\/p>\n<p><img decoding=\"async\" class=\"image \" loading=\"lazy\" src=\"https:\/\/www.europesays.com\/fr\/wp-content\/uploads\/2025\/11\/5PWMNWSIJREGDIS24YJUHJAGFQ.png\" alt=\"\/M\u00e9t\u00e9ociel\" align=\"\" data-rubrique-principale=\"\" data-article-type=\"\" fetchpriority=\"auto\"\/>\/M\u00e9t\u00e9ocielVendredi calme, week-end neigeux<\/p>\n<p class=\"paragraph text_align_left lp-f-body-02\">Vendredi, les averses de neige devraient se cantonner aux massifs. Pendant le week-end, m\u00eame si l\u2019\u00e9ch\u00e9ance fait que la pr\u00e9vision reste \u00e0 affiner, une nouvelle perturbation devrait progresser d\u2019Ouest en Est dans le pays.<\/p>\n<p class=\"paragraph text_align_left lp-f-body-02\">\u00c0 l\u2019avant de celle-ci, de la neige pourrait se produire. La p\u00e9riode la plus expos\u00e9e devrait commencer \u00e0 partir de la fin de journ\u00e9e samedi et se prolonger dimanche. Toute la moiti\u00e9 est du pays serait touch\u00e9e \u00e0 partir d\u2019un axe allant des Hauts-de-France au sud du Massif central, en passant par la r\u00e9gion parisienne. Apr\u00e8s, le temps resterait perturb\u00e9, mais les temp\u00e9ratures remonteraient un peu.<\/p>\n","protected":false},"excerpt":{"rendered":"La saison froide s\u2019installe cette semaine en France. Avec elle et l\u2019arriv\u00e9e de nouvelles pr\u00e9cipitations dans les prochains&hellip;\n","protected":false},"author":2,"featured_media":542188,"comment_status":"","ping_status":"","sticky":false,"template":"","format":"standard","meta":{"footnotes":""},"categories":[1592],"tags":[1111,11,1777,674,1011,27,662,2487,12,626,25],"class_list":{"0":"post-542187","1":"post","2":"type-post","3":"status-publish","4":"format-standard","5":"has-post-thumbnail","7":"category-ile-de-france","8":"tag-actu","9":"tag-actualites","10":"tag-eu","11":"tag-europe","12":"tag-fr","13":"tag-france","14":"tag-ile-de-france","15":"tag-meteo","16":"tag-news","17":"tag-paris","18":"tag-republique-francaise"},"share_on_mastodon":{"url":"https:\/\/pubeurope.com\/@fr\/115569999431016026","error":""},"_links":{"self":[{"href":"https:\/\/www.europesays.com\/fr\/wp-json\/wp\/v2\/posts\/542187","targetHints":{"allow":["GET"]}}],"collection":[{"href":"https:\/\/www.europesays.com\/fr\/wp-json\/wp\/v2\/posts"}],"about":[{"href":"https:\/\/www.europesays.com\/fr\/wp-json\/wp\/v2\/types\/post"}],"author":[{"embeddable":true,"href":"https:\/\/www.europesays.com\/fr\/wp-json\/wp\/v2\/users\/2"}],"replies":[{"embeddable":true,"href":"https:\/\/www.europesays.com\/fr\/wp-json\/wp\/v2\/comments?post=542187"}],"version-history":[{"count":0,"href":"https:\/\/www.europesays.com\/fr\/wp-json\/wp\/v2\/posts\/542187\/revisions"}],"wp:featuredmedia":[{"embeddable":true,"href":"https:\/\/www.europesays.com\/fr\/wp-json\/wp\/v2\/media\/542188"}],"wp:attachment":[{"href":"https:\/\/www.europesays.com\/fr\/wp-json\/wp\/v2\/media?parent=542187"}],"wp:term":[{"taxonomy":"category","embeddable":true,"href":"https:\/\/www.europesays.com\/fr\/wp-json\/wp\/v2\/categories?post=542187"},{"taxonomy":"post_tag","embeddable":true,"href":"https:\/\/www.europesays.com\/fr\/wp-json\/wp\/v2\/tags?post=542187"}],"curies":[{"name":"wp","href":"https:\/\/api.w.org\/{rel}","templated":true}]}}