{"id":542189,"date":"2025-11-18T09:29:12","date_gmt":"2025-11-18T09:29:12","guid":{"rendered":"https:\/\/www.europesays.com\/fr\/542189\/"},"modified":"2025-11-18T09:29:12","modified_gmt":"2025-11-18T09:29:12","slug":"immobilier-des-bureaux-plus-verts-et-plus-chics-dans-louest-parisien","status":"publish","type":"post","link":"https:\/\/www.europesays.com\/fr\/542189\/","title":{"rendered":"Immobilier\u00a0: des bureaux plus verts et plus chics dans l\u2019Ouest parisien"},"content":{"rendered":"<p class=\"paragraph text_align_left lp-f-body-02\">Une nouvelle g\u00e9ographie tertiaire de la r\u00e9gion parisienne se dessine <a href=\"https:\/\/www.leparisien.fr\/vie-de-bureau\/guillaume-poitrinal-ex-patron-dunibail-le-concurrent-du-bureau-aujourdhui-cest-la-maison-04-11-2024-E4CYTZPGI5GP7EOUEREMF32RGQ.php\" target=\"_self\" rel=\"noopener\">depuis le retour au bureau post-Covid <\/a>avec une capitale (en particulier Paris Quartier d\u2019Affaires) qui aimante les si\u00e8ges sociaux, les p\u00e9pites de la tech et de la finance, une premi\u00e8re couronne tir\u00e9e par <a href=\"https:\/\/www.leparisien.fr\/hauts-de-seine-92\/la-defense-le-quartier-daffaires-un-modele-economique-a-bout-de-souffle-qui-doit-se-reinventer-02-10-2025-UME3A3NMSVH2ZMR3OQMRTXZ5KY.php\" target=\"_self\" rel=\"noopener\">La D\u00e9fense<\/a>, Neuilly-sur-Seine et Levallois dans les Hauts-de-Seine, alors que la deuxi\u00e8me couronne s\u2019effondre. Le projet Beige dans le XVIIe arrondissement de Paris, l\u2019installation <a href=\"https:\/\/www.leparisien.fr\/hauts-de-seine-92\/les-salaries-de-forvis-mazars-ravis-de-quitter-la-defense-pour-un-campus-au-coeur-de-levallois-25-06-2025-6P3FKOBY25EKRN37ZE5FHTNGPI.php\" target=\"_self\" rel=\"noopener\">du cabinet Forvis Mazars \u00e0 Levallois<\/a> et le futur d\u00e9m\u00e9nagement de Sanofi \u00e0 La D\u00e9fense sont des \u00e9l\u00e9ments symboliques de ce paysage.<\/p>\n","protected":false},"excerpt":{"rendered":"Une nouvelle g\u00e9ographie tertiaire de la r\u00e9gion parisienne se dessine depuis le retour au bureau post-Covid avec une&hellip;\n","protected":false},"author":2,"featured_media":542190,"comment_status":"","ping_status":"","sticky":false,"template":"","format":"standard","meta":{"footnotes":""},"categories":[1888],"tags":[1111,1928,11,1927,33,13142,1777,674,1011,27,1116,12,1926,626,1925,25],"class_list":{"0":"post-542189","1":"post","2":"type-post","3":"status-publish","4":"format-standard","5":"has-post-thumbnail","7":"category-paris","8":"tag-actu","9":"tag-actu-paris","10":"tag-actualites","11":"tag-actualites-paris","12":"tag-economie","13":"tag-entreprises-start-up","14":"tag-eu","15":"tag-europe","16":"tag-fr","17":"tag-france","18":"tag-immobilier","19":"tag-news","20":"tag-news-paris","21":"tag-paris","22":"tag-paris-news","23":"tag-republique-francaise"},"share_on_mastodon":{"url":"https:\/\/pubeurope.com\/@fr\/115570000998205343","error":""},"_links":{"self":[{"href":"https:\/\/www.europesays.com\/fr\/wp-json\/wp\/v2\/posts\/542189","targetHints":{"allow":["GET"]}}],"collection":[{"href":"https:\/\/www.europesays.com\/fr\/wp-json\/wp\/v2\/posts"}],"about":[{"href":"https:\/\/www.europesays.com\/fr\/wp-json\/wp\/v2\/types\/post"}],"author":[{"embeddable":true,"href":"https:\/\/www.europesays.com\/fr\/wp-json\/wp\/v2\/users\/2"}],"replies":[{"embeddable":true,"href":"https:\/\/www.europesays.com\/fr\/wp-json\/wp\/v2\/comments?post=542189"}],"version-history":[{"count":0,"href":"https:\/\/www.europesays.com\/fr\/wp-json\/wp\/v2\/posts\/542189\/revisions"}],"wp:featuredmedia":[{"embeddable":true,"href":"https:\/\/www.europesays.com\/fr\/wp-json\/wp\/v2\/media\/542190"}],"wp:attachment":[{"href":"https:\/\/www.europesays.com\/fr\/wp-json\/wp\/v2\/media?parent=542189"}],"wp:term":[{"taxonomy":"category","embeddable":true,"href":"https:\/\/www.europesays.com\/fr\/wp-json\/wp\/v2\/categories?post=542189"},{"taxonomy":"post_tag","embeddable":true,"href":"https:\/\/www.europesays.com\/fr\/wp-json\/wp\/v2\/tags?post=542189"}],"curies":[{"name":"wp","href":"https:\/\/api.w.org\/{rel}","templated":true}]}}