{"id":542197,"date":"2025-11-18T09:34:14","date_gmt":"2025-11-18T09:34:14","guid":{"rendered":"https:\/\/www.europesays.com\/fr\/542197\/"},"modified":"2025-11-18T09:34:14","modified_gmt":"2025-11-18T09:34:14","slug":"zelensky-va-se-rendre-en-turquie-attaque-russe-meurtriere","status":"publish","type":"post","link":"https:\/\/www.europesays.com\/fr\/542197\/","title":{"rendered":"Zelensky va se rendre en Turquie, attaque russe meurtri\u00e8re"},"content":{"rendered":"<p>Zelensky ira en Turquie pour \u00ab\u00a0raviver\u00a0\u00bb les n\u00e9gociations de paix<\/p>\n<p>Le pr\u00e9sident ukrainien, Volodymyr Zelensky, a annonc\u00e9 mardi 18\u00a0novembre qu\u2019il se rendrait en Turquie mercredi pour tenter de \u00ab\u00a0raviver\u00a0\u00bb des <a href=\"https:\/\/www.la-croix.com\/international\/guerre-en-ukraine-la-turquie-s-impose-en-mediatrice-entre-moscou-et-kiev-20250515\" data-tracking=\"inpage_click\" data-tracking-action=\"lire un article\" data-tracking-category=\"recirculation\" rel=\"nofollow noopener\" target=\"_blank\">n\u00e9gociations de paix<\/a> et reprendre les \u00e9changes de prisonniers de guerre avec la Russie.<\/p>\n<p>\u00ab\u00a0Demain (mercredi), je tiendrai des r\u00e9unions en Turquie. Nous nous pr\u00e9parons \u00e0 raviver les n\u00e9gociations et avons \u00e9labor\u00e9 des solutions que nous proposerons \u00e0 nos partenaires\u00a0\u00bb, a-t-il annonc\u00e9 sur les r\u00e9seaux sociaux.<\/p>\n<p>Attaque de missile meurtri\u00e8re dans la r\u00e9gion de Kharkiv<\/p>\n<p>Une attaque de missile russe a tu\u00e9 une adolescente et fait au moins neuf bless\u00e9s dans la r\u00e9gion de Kharkiv, dans l\u2019est de l\u2019Ukraine, ont annonc\u00e9 les autorit\u00e9s locales t\u00f4t mardi 18 novembre.<\/p>\n<p>\u00ab\u00a0L\u2019ennemi a lanc\u00e9 des attaques de missile sur la ville de Berestyn\u00a0\u00bb et \u00ab\u00a0une fille de 17\u00a0ans qui avait \u00e9t\u00e9 gri\u00e8vement bless\u00e9e (\u2026) est morte \u00e0 l\u2019h\u00f4pital\u00a0\u00bb, a \u00e9crit le gouverneur r\u00e9gional Oleg Synegoubov sur Telegram. \u00ab\u00a0Il y a \u00e0 l\u2019heure actuelle neuf bless\u00e9s recens\u00e9s, dont sept sont hospitalis\u00e9s\u00a0\u00bb, a-t-il ajout\u00e9.<\/p>\n<p>Des familles exhortent la Russie \u00e0 rendre les enfants ukrainiens enlev\u00e9s<\/p>\n<p>Plusieurs familles <a href=\"https:\/\/www.la-croix.com\/international\/guerre-en-ukraine-kiev-frappe-un-grand-coup-a-la-veille-des-negociations-a-istanbul-20250601\" data-tracking=\"inpage_click\" data-tracking-action=\"lire un article\" data-tracking-category=\"recirculation\" rel=\"nofollow noopener\" target=\"_blank\">d\u2019enfants ukrainiens d\u00e9port\u00e9s en Russie<\/a> ont tir\u00e9 la sonnette d\u2019alarme lundi soir, craignant d\u2019\u00eatre coup\u00e9es de tout contact et lan\u00e7ant un appel \u00e0 l\u2019aide internationale.<\/p>\n<p>Lors d\u2019une rare conf\u00e9rence de presse \u00e0 Paris, Darina Repina, tutrice l\u00e9gale de deux enfants emmen\u00e9s de force en Russie apr\u00e8s l\u2019invasion de l\u2019Ukraine\u00a0par Moscou en 2022, a d\u00e9nonc\u00e9 que les autorit\u00e9s russes ignoraient toutes les demandes visant \u00e0 faciliter leur retour. \u00ab\u00a0Il n\u2019y a aucun espoir d\u2019\u00eatre entendus\u00a0\u00bb, a dit Darina Repina \u00e0 des journalistes lors de cet \u00e9v\u00e9nement organis\u00e9 par la Fondation Emile, qui \u0153uvre pour le retour des enfants ukrainiens.<\/p>\n<p>Selon Kiev, pr\u00e8s de 20\u00a0000 enfants ukrainiens ont \u00e9t\u00e9 emmen\u00e9s de force en Russie ou dans les territoires occup\u00e9s par la Russie depuis le d\u00e9but de l\u2019invasion en 2022, un chiffre qui pourrait \u00eatre sous-estim\u00e9.<\/p>\n","protected":false},"excerpt":{"rendered":"Zelensky ira en Turquie pour \u00ab\u00a0raviver\u00a0\u00bb les n\u00e9gociations de paix Le pr\u00e9sident ukrainien, Volodymyr Zelensky, a annonc\u00e9 mardi&hellip;\n","protected":false},"author":2,"featured_media":542198,"comment_status":"","ping_status":"","sticky":false,"template":"","format":"standard","meta":{"footnotes":""},"categories":[1591],"tags":[11,1887,12,1885,1886,132],"class_list":{"0":"post-542197","1":"post","2":"type-post","3":"status-publish","4":"format-standard","5":"has-post-thumbnail","7":"category-russie","8":"tag-actualites","9":"tag-federation-de-russie","10":"tag-news","11":"tag-russia","12":"tag-russian-federation","13":"tag-russie"},"share_on_mastodon":{"url":"","error":""},"_links":{"self":[{"href":"https:\/\/www.europesays.com\/fr\/wp-json\/wp\/v2\/posts\/542197","targetHints":{"allow":["GET"]}}],"collection":[{"href":"https:\/\/www.europesays.com\/fr\/wp-json\/wp\/v2\/posts"}],"about":[{"href":"https:\/\/www.europesays.com\/fr\/wp-json\/wp\/v2\/types\/post"}],"author":[{"embeddable":true,"href":"https:\/\/www.europesays.com\/fr\/wp-json\/wp\/v2\/users\/2"}],"replies":[{"embeddable":true,"href":"https:\/\/www.europesays.com\/fr\/wp-json\/wp\/v2\/comments?post=542197"}],"version-history":[{"count":0,"href":"https:\/\/www.europesays.com\/fr\/wp-json\/wp\/v2\/posts\/542197\/revisions"}],"wp:featuredmedia":[{"embeddable":true,"href":"https:\/\/www.europesays.com\/fr\/wp-json\/wp\/v2\/media\/542198"}],"wp:attachment":[{"href":"https:\/\/www.europesays.com\/fr\/wp-json\/wp\/v2\/media?parent=542197"}],"wp:term":[{"taxonomy":"category","embeddable":true,"href":"https:\/\/www.europesays.com\/fr\/wp-json\/wp\/v2\/categories?post=542197"},{"taxonomy":"post_tag","embeddable":true,"href":"https:\/\/www.europesays.com\/fr\/wp-json\/wp\/v2\/tags?post=542197"}],"curies":[{"name":"wp","href":"https:\/\/api.w.org\/{rel}","templated":true}]}}