{"id":54220,"date":"2025-04-26T11:04:11","date_gmt":"2025-04-26T11:04:11","guid":{"rendered":"https:\/\/www.europesays.com\/fr\/54220\/"},"modified":"2025-04-26T11:04:11","modified_gmt":"2025-04-26T11:04:11","slug":"homie-montre-ses-capacites-daccueil","status":"publish","type":"post","link":"https:\/\/www.europesays.com\/fr\/54220\/","title":{"rendered":"Homie montre ses capacit\u00e9s d\u2019accueil"},"content":{"rendered":"<p>&#13;<br \/>\n   Depuis son ouverture en janvier, Homie  d\u00e9ploie son sens de l\u2019accueil \u00e0 toutes les heures. Autour d\u2019un caf\u00e9 et d\u2019une p\u00e2tisserie maison le matin, lors d\u2019un repas de midi soign\u00e9 ou pour un verre en soir\u00e9e (du jeudi au samedi) dans une atmosph\u00e8re hybride, entre tabourets industriels et belles pierres apparentes. Cette nouvelle adresse est situ\u00e9e dans une petite rue \u00e9troite \u00e0 deux pas de l\u2019agitation du secteur Op\u00e9ra\/H\u00f4tel de Ville (\u00e0 la place de l\u2019ancien Crock\u2019N\u2019Roll pour les intimes du coin). <\/p>\n<p>  \u00ab\u00a0100\u00a0% maison\u00a0\u00bb<\/p>\n<p>C\u00f4t\u00e9 restauration, la carte du midi, qui change chaque semaine, pr\u00e9voit deux entr\u00e9es et deux plats, dont un v\u00e9g\u00e9tarien. \u00ab\u00a0Les chefs viennent du monde de la bistronomie, les dressages sont jolis, on travaille sur les accords de saveurs un peu originaux et sur des prix tr\u00e8s bas, avec une formule entr\u00e9e\/plat\/dessert \u00e0 20\u00a0euros. Notre but, c\u2019est d\u2019abord de faire conna\u00eetre le lieu les six premiers mois pour avoir une client\u00e8le fid\u00e8le\u00a0\u00bb, r\u00e9sume Victorien Dangoumau, le g\u00e9rant, qui annonce une carte \u00ab\u00a0100\u00a0% maison, avec le maximum de produits locaux\u00a0\u00bb.<\/p>\n<p>En ce vendredi printanier, la formule du midi lorgnait encore un peu vers la saison hivernale avec une entr\u00e9e patate douce, ketchup de banane, arachide torr\u00e9fi\u00e9e, herbes\u00a0et en guise de plat un copieux demi-magret de canard avec sa sauce soja fruits rouges soutenue par un savoureux mille-feuille de pommes de terre.<\/p>\n<p class=\"note\">Homie , 1, rue D\u00e9sir\u00e9e (Lyon 1er ). Formule entr\u00e9e\/plat\/dessert\u00a0: 20\u00a0euros. Ouvert du lundi au mercredi et le dimanche de 9 \u00e0 19 heures, du jeudi au samedi de 9 \u00e0 22 heures. <a href=\"https:\/\/homielyon.fr\/fr\" target=\"_blank\" rel=\"noopener\">https:\/\/homielyon.fr\/fr<\/a><\/p>\n","protected":false},"excerpt":{"rendered":"&#13; Depuis son ouverture en janvier, Homie d\u00e9ploie son sens de l\u2019accueil \u00e0 toutes les heures. Autour d\u2019un&hellip;\n","protected":false},"author":2,"featured_media":54221,"comment_status":"","ping_status":"","sticky":false,"template":"","format":"standard","meta":{"footnotes":""},"categories":[1889],"tags":[1111,11,2430,1687,2757,1777,674,1011,27,2428,7789,2801,12,25],"class_list":{"0":"post-54220","1":"post","2":"type-post","3":"status-publish","4":"format-standard","5":"has-post-thumbnail","7":"category-lyon","8":"tag-actu","9":"tag-actualites","10":"tag-auvergne-rhone-alpes","11":"tag-culture-loisirs","12":"tag-edition-lyon-villeurbanne","13":"tag-eu","14":"tag-europe","15":"tag-fr","16":"tag-france","17":"tag-lyon","18":"tag-lyon-1er","19":"tag-lyon-1er-arrondissement","20":"tag-news","21":"tag-republique-francaise"},"share_on_mastodon":{"url":"https:\/\/pubeurope.com\/@fr\/114403938532740758","error":""},"_links":{"self":[{"href":"https:\/\/www.europesays.com\/fr\/wp-json\/wp\/v2\/posts\/54220","targetHints":{"allow":["GET"]}}],"collection":[{"href":"https:\/\/www.europesays.com\/fr\/wp-json\/wp\/v2\/posts"}],"about":[{"href":"https:\/\/www.europesays.com\/fr\/wp-json\/wp\/v2\/types\/post"}],"author":[{"embeddable":true,"href":"https:\/\/www.europesays.com\/fr\/wp-json\/wp\/v2\/users\/2"}],"replies":[{"embeddable":true,"href":"https:\/\/www.europesays.com\/fr\/wp-json\/wp\/v2\/comments?post=54220"}],"version-history":[{"count":0,"href":"https:\/\/www.europesays.com\/fr\/wp-json\/wp\/v2\/posts\/54220\/revisions"}],"wp:featuredmedia":[{"embeddable":true,"href":"https:\/\/www.europesays.com\/fr\/wp-json\/wp\/v2\/media\/54221"}],"wp:attachment":[{"href":"https:\/\/www.europesays.com\/fr\/wp-json\/wp\/v2\/media?parent=54220"}],"wp:term":[{"taxonomy":"category","embeddable":true,"href":"https:\/\/www.europesays.com\/fr\/wp-json\/wp\/v2\/categories?post=54220"},{"taxonomy":"post_tag","embeddable":true,"href":"https:\/\/www.europesays.com\/fr\/wp-json\/wp\/v2\/tags?post=54220"}],"curies":[{"name":"wp","href":"https:\/\/api.w.org\/{rel}","templated":true}]}}