{"id":542204,"date":"2025-11-18T09:38:26","date_gmt":"2025-11-18T09:38:26","guid":{"rendered":"https:\/\/www.europesays.com\/fr\/542204\/"},"modified":"2025-11-18T09:38:26","modified_gmt":"2025-11-18T09:38:26","slug":"scaf-le-chasseur-de-nouvelle-generation-entre-la-france-et-lallemagne-risque-desormais-dexploser-en-plein-vol","status":"publish","type":"post","link":"https:\/\/www.europesays.com\/fr\/542204\/","title":{"rendered":"SCAF: le chasseur de nouvelle g\u00e9n\u00e9ration entre la France et l&rsquo;Allemagne risque d\u00e9sormais d&rsquo;exploser en plein vol"},"content":{"rendered":"<p>Le chasseur de nouvelle g\u00e9n\u00e9ration pourrait \u00eatre finalement sacrifi\u00e9 : le Financial Times rapporte des discussions entre la France et l\u2019Allemagne qui conduiraient \u00e0 l\u2019abandon de ce projet. Le programme SCAF survivrait, mais en \u00e9tant largement vid\u00e9 de sa substance.<\/p>\n<p>En fin de compte, <a href=\"https:\/\/www.numerama.com\/tech\/2108303-le-patron-dairbus-dit-a-dassault-de-quitter-le-scaf-et-lavion-de-nouvelle-generation-sil-nest-pas-content.html\" target=\"_blank\" rel=\"noopener\">la France finira peut-\u00eatre par faire seule son chasseur de nouvelle g\u00e9n\u00e9ration<\/a> (NGF), sans le concours de l\u2019Allemagne ni de personne. Ce sc\u00e9nario, <a href=\"https:\/\/www.numerama.com\/tech\/2080225-ici-on-sait-faire-sils-veulent-faire-tout-seuls-quils-fassent-tout-seuls-dassault-pret-a-batir-lavion-du-futur-sans-lallemagne.html\" target=\"_blank\" rel=\"noopener\">que Dassault Aviation dit ne pas craindre<\/a>, car le constructeur a\u00e9ronautique se targue d\u2019avoir l\u2019exp\u00e9rience n\u00e9cessaire pour mener \u00e0 bien un tel projet, semble aujourd\u2019hui prendre du poids.<\/p>\n<p>C\u2019est le <a href=\"https:\/\/www.ft.com\/content\/e0cc4893-d1c3-45a4-9e3e-d35cedd4b46d\" target=\"_blank\" rel=\"noreferrer noopener\">Financial Times<\/a>, dans son \u00e9dition du 17 novembre 2025, qui a donn\u00e9 du poids \u00e0 cette trajectoire hypoth\u00e9tique. Celle-ci a pu passer inaper\u00e7ue en France en raison de la signature le m\u00eame jour d\u2019une lettre d\u2019intention avec l\u2019Ukraine, qui ouvre la voie \u00e0 <a href=\"https:\/\/www.numerama.com\/tech\/2119817-cest-enorme-la-france-espere-livrer-100-rafale-a-lukraine-mais-des-defis-restent-a-relever.html\" target=\"_blank\" rel=\"noopener\">l\u2019acquisition d\u2019une centaine d\u2019avions Rafale par Kiev<\/a> au cours des dix prochaines ann\u00e9es.<\/p>\n<p>Toujours est-il que cette piste, si elle se confirmait, viendrait faire voler en \u00e9clats une tr\u00e8s grosse partie du programme SCAF (Syst\u00e8me de combat a\u00e9rien du futur), port\u00e9 au d\u00e9part par l\u2019Allemagne et la France, rejoints ensuite par l\u2019Espagne. Seuls quelques piliers sp\u00e9cifiques et secondaires du SCAF survivraient, comme le cloud de combat.<\/p>\n<p>                <img decoding=\"async\" width=\"1024\" height=\"380\" loading=\"lazy\" alt=\"Affiliates_1325x492_Numerama copie 2\" title=\"Affiliates_1325x492_Numerama copie 2\" class=\"is-block placeholder-default wp-image\" src=\"https:\/\/www.europesays.com\/fr\/wp-content\/uploads\/2025\/11\/affiliates-1325x492-numerama-copie-2-1024x380.jpg\" \/>            <\/p>\n<p>\n                    Le reconditionn\u00e9 passe en mode Black Friday                <\/p>\n<p>\n                    Pour le Black Friday, Back Market offre 8 % de remise sur les AirPods et les iMac reconditionn\u00e9s avec le code KDO2025. De quoi obtenir les AirPods Pro 2 en parfait \u00e9tat \u00e0 moins de 162 euros.                <\/p>\n<p>Le programme SCAF serait alors largement vid\u00e9 de sa substance<\/p>\n<p>En effet, le programme SCAF <a href=\"https:\/\/www.numerama.com\/cyberguerre\/1993569-bourget-ou-en-est-le-scaf-le-systeme-de-combat-aerien-du-futur-de-leurope-photos.html\" target=\"_blank\" rel=\"noopener\">est une accumulation de sous-programmes<\/a> : dans cette liste, le NGF constitue \u00e9videmment l\u2019\u00e9l\u00e9ment central, autour duquel gravitent d\u2019autres grands projets qui lui sont intimement li\u00e9s (comme la motorisation, les capteurs et la furtivit\u00e9), tandis que d\u2019autres y sont moins d\u00e9pendants (remote carriers, cloud de combat).<\/p>\n<p>Si le NGF sort de l\u2019\u00e9quation, comme les projets qui en d\u00e9pendent, le SCAF deviendrait presque une coquille vide ou une version light, selon la fa\u00e7on dont on voit les choses. Les <a href=\"https:\/\/www.challenges.fr\/entreprise\/aeronautique\/defense-les-remote-carriers-futures-armes-fatales-du-combat-aerien_659130\" target=\"_blank\" rel=\"noreferrer noopener\">remote carriers<\/a>, des armements \u00e0 mi-chemin entre les missiles et les drones, demeureraient, comme le cloud de combat, pour tout interconnecter (avions, drones, syst\u00e8mes au sol\u2026).<\/p>\n<p><a href=\"https:\/\/www.numerama.com\/wp-content\/uploads\/2025\/06\/capture-decran-2025-06-17-a-141550.png\" target=\"_blank\" rel=\"noopener\"><img decoding=\"async\" width=\"1024\" height=\"571\" loading=\"lazy\" alt=\"Partage Industriel du projet SCAF \/\/ Source : Ifri\" title=\"Partage Industriel du projet SCAF \/\/ Source : Ifri\" class=\"wp-image-1993773 placeholder-default wp-image\" src=\"https:\/\/www.europesays.com\/fr\/wp-content\/uploads\/2025\/11\/capture-decran-2025-06-17-a-141550-1024x571.png\" \/><\/a>Partage Industriel du projet SCAF. \/\/ Source : Ifri<\/p>\n<p>Ce sc\u00e9nario noir reste encore incertain, car cette perspective n\u2019est pas act\u00e9e, selon le Financial Times. Cependant, ces discussions existent bien entre Paris et Berlin pour, peut-\u00eatre, sauver encore ce qui peut l\u2019\u00eatre dans le SCAF, tout en actant des positions irr\u00e9conciliables concernant le chasseur de nouvelle g\u00e9n\u00e9ration.<\/p>\n<p>Un couple franco-allemand qui ne s\u2019entend pas sur le SCAF<\/p>\n<p>Le fait est que les deux principaux industriels impliqu\u00e9s dans le NGF (\u00e0 savoir Dassault c\u00f4t\u00e9 fran\u00e7ais, et Airbus c\u00f4t\u00e9 allemand) ne parviennent pas \u00e0 surmonter leurs tensions et \u00e0 s\u2019accorder sur la gouvernance ainsi que la r\u00e9partition des t\u00e2ches. Et ces derniers mois, <a href=\"https:\/\/www.numerama.com\/tech\/2114989-il-ny-a-pas-en-allemagne-de-capacite-a-fabriquer-un-avion-la-france-aimerait-quon-lache-la-grappe-de-dassault-sur-le-scaf.html\" target=\"_blank\" rel=\"noopener\">des petites phrases lanc\u00e9es de part et d\u2019autre<\/a> ont continuellement <a href=\"https:\/\/www.numerama.com\/tech\/2061271-il-ny-a-pas-de-plan-b-lalliance-franco-allemande-face-aux-chamailleries-autour-du-projet-scaf.html\" target=\"_blank\" rel=\"noopener\">aliment\u00e9 les frictions<\/a>.<\/p>\n<p>Au-del\u00e0 des consid\u00e9rations industrielles, il y a aussi des divergences de vue sur les caract\u00e9ristiques de l\u2019avion, parce que l\u2019Allemagne et la France <a href=\"https:\/\/meta-defense.fr\/2024\/12\/02\/programme-scaf-impasse-plans-b-fr-de\/#la-luftwaffe-veut-un-chasseur-lourd-a-long-rayon-daction-incompatible-avec-la-version-embarquee-du-ngf\" target=\"_blank\" rel=\"noreferrer noopener\">n\u2019ont pas tout \u00e0 fait les m\u00eames besoins militaires<\/a> \u2014 Paris pr\u00e9f\u00e8re un chasseur moyen et pouvant \u00e9voluer sur un porte-avions, Berlin d\u00e9sire un chasseur lourd \u00e0 long rayon d\u2019action.<\/p>\n<p>Une explosion en plein vol du NGF posera la question de son successeur : il pourrait y avoir, au final, deux projets de chasseurs de nouvelle g\u00e9n\u00e9ration, un conduit par Dassault Aviation, un autre par Airbus. Sauf si l\u2019Allemagne se voit rejoindre un projet parall\u00e8le : le Global Combat Air Programme (GCAP), qui r\u00e9unit le Royaume-Uni, le Japon et l\u2019Italie.<\/p>\n<p>\u00c0 supposer que Berlin et Paris se s\u00e9parent, que d\u00e9ciderait Madrid, qui est le troisi\u00e8me partenaire du projet ? Et Bruxelles, qui <a href=\"https:\/\/www.numerama.com\/tech\/2036729-du-changement-se-prepare-pour-lavion-de-combat-de-nouvelle-generation-europeen.html\" target=\"_blank\" rel=\"noopener\">a dit envisager entrer dans le SCAF<\/a> ? Si Dassault Aviation <a href=\"https:\/\/www.numerama.com\/tech\/2039159-elle-se-fout-de-notre-gueule-le-patron-de-dassault-accable-la-belgique-sur-le-f-35.html\" target=\"_blank\" rel=\"noopener\">avait exprim\u00e9 de vives r\u00e9serves<\/a>, en raison de l\u2019acquisition par la Belgique d\u2019avions am\u00e9ricains F-35, les lignes pourraient bouger \u2014 reste que <a href=\"https:\/\/www.opex360.com\/2025\/11\/14\/le-chef-de-la-defense-belge-dit-ne-pas-savoir-si-le-systeme-de-combat-aerien-du-futur-verra-le-jour\/\" target=\"_blank\" rel=\"noreferrer noopener\">la Belgique doute du devenir du SCAF<\/a>.<\/p>\n<p>    Pour aller plus loin<\/p>\n<p>                <img decoding=\"async\" width=\"87\" height=\"87\" loading=\"lazy\" alt=\"Bourget : o\u00f9 en est le SCAF, le syst\u00e8me de combat a\u00e9rien du futur de l\u2019Europe ? (photos) \/\/ Source : Montage Numerama\" title=\"Bourget : o\u00f9 en est le SCAF, le syst\u00e8me de combat a\u00e9rien du futur de l\u2019Europe ? (photos) \/\/ Source : Montage Numerama\" class=\"placeholder-default wp-image\" src=\"https:\/\/www.europesays.com\/fr\/wp-content\/uploads\/2025\/11\/scaf-1-200x200.jpg\" \/>            <\/p>\n<p>            <img decoding=\"async\" src=\"https:\/\/www.europesays.com\/fr\/wp-content\/uploads\/2025\/04\/iPhone-16-pro.png\" alt=\"Toute l'actu tech en un clien d'oeil\"\/><\/p>\n<p class=\"card-install-pwa__title\">Toute l&rsquo;actu tech en un clin d&rsquo;\u0153il<\/p>\n<p class=\"card-install-pwa__description\">Ajoutez Numerama \u00e0 votre \u00e9cran d&rsquo;accueil et restez connect\u00e9s au futur !<\/p>\n<p>            <img decoding=\"async\" src=\"https:\/\/www.numerama.com\/wp-content\/themes\/numerama-next\/assets\/images\/premium\/logo-card-pwa-coupe.svg\" alt=\"Logo PWA\"\/><\/p>\n<p>       Installer Numerama<\/p>\n","protected":false},"excerpt":{"rendered":"Le chasseur de nouvelle g\u00e9n\u00e9ration pourrait \u00eatre finalement sacrifi\u00e9 : le Financial Times rapporte des discussions entre la&hellip;\n","protected":false},"author":2,"featured_media":542205,"comment_status":"","ping_status":"","sticky":false,"template":"","format":"standard","meta":{"footnotes":""},"categories":[1587],"tags":[11,36,672,37,1804,20286,1805,1803,1777,674,27,1801,12,1802,29284],"class_list":{"0":"post-542204","1":"post","2":"type-post","3":"status-publish","4":"format-standard","5":"has-post-thumbnail","7":"category-allemagne","8":"tag-actualites","9":"tag-airbus","10":"tag-allemagne","11":"tag-avion","12":"tag-bundesrepublik-deutschland","13":"tag-dassault-aviation","14":"tag-de","15":"tag-deutschland","16":"tag-eu","17":"tag-europe","18":"tag-france","19":"tag-germany","20":"tag-news","21":"tag-republique-federale-dallemagne","22":"tag-scaf"},"share_on_mastodon":{"url":"https:\/\/pubeurope.com\/@fr\/115570037704749124","error":""},"_links":{"self":[{"href":"https:\/\/www.europesays.com\/fr\/wp-json\/wp\/v2\/posts\/542204","targetHints":{"allow":["GET"]}}],"collection":[{"href":"https:\/\/www.europesays.com\/fr\/wp-json\/wp\/v2\/posts"}],"about":[{"href":"https:\/\/www.europesays.com\/fr\/wp-json\/wp\/v2\/types\/post"}],"author":[{"embeddable":true,"href":"https:\/\/www.europesays.com\/fr\/wp-json\/wp\/v2\/users\/2"}],"replies":[{"embeddable":true,"href":"https:\/\/www.europesays.com\/fr\/wp-json\/wp\/v2\/comments?post=542204"}],"version-history":[{"count":0,"href":"https:\/\/www.europesays.com\/fr\/wp-json\/wp\/v2\/posts\/542204\/revisions"}],"wp:featuredmedia":[{"embeddable":true,"href":"https:\/\/www.europesays.com\/fr\/wp-json\/wp\/v2\/media\/542205"}],"wp:attachment":[{"href":"https:\/\/www.europesays.com\/fr\/wp-json\/wp\/v2\/media?parent=542204"}],"wp:term":[{"taxonomy":"category","embeddable":true,"href":"https:\/\/www.europesays.com\/fr\/wp-json\/wp\/v2\/categories?post=542204"},{"taxonomy":"post_tag","embeddable":true,"href":"https:\/\/www.europesays.com\/fr\/wp-json\/wp\/v2\/tags?post=542204"}],"curies":[{"name":"wp","href":"https:\/\/api.w.org\/{rel}","templated":true}]}}