{"id":542208,"date":"2025-11-18T09:40:13","date_gmt":"2025-11-18T09:40:13","guid":{"rendered":"https:\/\/www.europesays.com\/fr\/542208\/"},"modified":"2025-11-18T09:40:13","modified_gmt":"2025-11-18T09:40:13","slug":"claire-danes-a-eu-honte-de-tomber-enceinte-a-44-ans","status":"publish","type":"post","link":"https:\/\/www.europesays.com\/fr\/542208\/","title":{"rendered":"Claire Danes a eu \u00ab honte \u00bb de tomber enceinte \u00e0 44 ans"},"content":{"rendered":"<p class=\"mb-4 text-lg md:leading-8 break-words\">Claire Danes a avou\u00e9 avoir ressenti une \u00ab dr\u00f4le de honte \u00bb en tombant enceinte \u00e0 44 ans.<\/p>\n<p class=\"mb-4 text-lg md:leading-8 break-words\">Lors d&rsquo;une interview pour le podcast SmartLess lundi (17 nov. 25), l&rsquo;actrice de Homeland a admis que son troisi\u00e8me b\u00e9b\u00e9 \u00e9tait une surprise totale. La star et son mari Hugh Dancy sont les parents de Cyrus, 12 ans, et Rowan, sept ans, et d&rsquo;une fille de deux ans.<\/p>\n<p class=\"mb-4 text-lg md:leading-8 break-words\">\u00ab J&rsquo;\u00e9tais tellement vieille quand c&rsquo;est arriv\u00e9. J&rsquo;avais 44 ans \u00bb, a-t-elle commenc\u00e9, pr\u00e9cisant qu&rsquo;elle ne pensait pas qu&rsquo;elle pouvait avoir un autre enfant. \u00ab J&rsquo;\u00e9tais terrifi\u00e9e. \u00bb<\/p>\n<p class=\"mb-4 text-lg md:leading-8 break-words\">Claire Danes a ensuite racont\u00e9 qu&rsquo;elle s&rsquo;\u00e9tait d&rsquo;abord sentie g\u00ean\u00e9e \u00e0 l&rsquo;id\u00e9e d&rsquo;\u00eatre \u00e0 nouveau enceinte. \u00ab Je n&rsquo;avais pas du tout pr\u00e9vu cela. Et c&rsquo;\u00e9tait bizarre. Soudain, j&rsquo;ai senti comme une dr\u00f4le de honte \u00bb, a poursuivi la com\u00e9dienne de 46 ans. \u00ab J&rsquo;avais fait une b\u00eatise. J&rsquo;avais forniqu\u00e9 au-del\u00e0 du moment o\u00f9 je devais le faire. Non, c&rsquo;\u00e9tait bizarre, et c&rsquo;\u00e9tait comme si j&rsquo;avais trouv\u00e9 une limite dont je n&rsquo;\u00e9tais pas tout \u00e0 fait consciente, comme si j&rsquo;\u00e9tais sortie des param\u00e8tres. C&rsquo;\u00e9tait sauvage&#8230; C&rsquo;est un voyage. Je veux dire que j&rsquo;ai un adolescent et un enfant en bas \u00e2ge en m\u00eame temps. \u00bb<\/p>\n<p class=\"mb-4 text-lg md:leading-8 break-words\">La star a expliqu\u00e9 qu&rsquo;elle s&rsquo;attendait \u00e0 avoir un troisi\u00e8me gar\u00e7on. \u00ab J&rsquo;ai eu beaucoup de chance. Mon gyn\u00e9cologue-obst\u00e9tricien m&rsquo;a dit : \u00ab\u00a0Vous savez que vous allez avoir un autre gar\u00e7on\u00a0\u00bb. Mais non ! \u00bb, a-t-elle souri, insistant sur le fait qu&rsquo;elle \u00ab aurait \u00e9t\u00e9 ravie \u00bb d&rsquo;avoir un autre fils. En fin de compte, Claire Danes est \u00ab encore plus ravie \u00bb d&rsquo;avoir une petite fille. \u00ab Elle est plut\u00f4t cool. Et elle adore les tutus \u00bb, a souri la laur\u00e9ate des Emmy Awards.<\/p>\n<p class=\"mb-4 text-lg md:leading-8 break-words\">Claire Danes fait actuellement la promotion de sa nouvelle s\u00e9rie Netflix, The Beast in Me.<\/p>\n","protected":false},"excerpt":{"rendered":"Claire Danes a avou\u00e9 avoir ressenti une \u00ab dr\u00f4le de honte \u00bb en tombant enceinte \u00e0 44 ans.&hellip;\n","protected":false},"author":2,"featured_media":542209,"comment_status":"","ping_status":"","sticky":false,"template":"","format":"standard","meta":{"footnotes":""},"categories":[1586],"tags":[11,66047,28944,1777,674,1779,1011,27,7327,29116,12,25,1778,364],"class_list":{"0":"post-542208","1":"post","2":"type-post","3":"status-publish","4":"format-standard","5":"has-post-thumbnail","7":"category-europe","8":"tag-actualites","9":"tag-claire-danes","10":"tag-enceinte","11":"tag-eu","12":"tag-europe","13":"tag-european-union","14":"tag-fr","15":"tag-france","16":"tag-honte","17":"tag-la-star","18":"tag-news","19":"tag-republique-francaise","20":"tag-ue","21":"tag-union-europeenne"},"share_on_mastodon":{"url":"https:\/\/pubeurope.com\/@fr\/115570044133084811","error":""},"_links":{"self":[{"href":"https:\/\/www.europesays.com\/fr\/wp-json\/wp\/v2\/posts\/542208","targetHints":{"allow":["GET"]}}],"collection":[{"href":"https:\/\/www.europesays.com\/fr\/wp-json\/wp\/v2\/posts"}],"about":[{"href":"https:\/\/www.europesays.com\/fr\/wp-json\/wp\/v2\/types\/post"}],"author":[{"embeddable":true,"href":"https:\/\/www.europesays.com\/fr\/wp-json\/wp\/v2\/users\/2"}],"replies":[{"embeddable":true,"href":"https:\/\/www.europesays.com\/fr\/wp-json\/wp\/v2\/comments?post=542208"}],"version-history":[{"count":0,"href":"https:\/\/www.europesays.com\/fr\/wp-json\/wp\/v2\/posts\/542208\/revisions"}],"wp:featuredmedia":[{"embeddable":true,"href":"https:\/\/www.europesays.com\/fr\/wp-json\/wp\/v2\/media\/542209"}],"wp:attachment":[{"href":"https:\/\/www.europesays.com\/fr\/wp-json\/wp\/v2\/media?parent=542208"}],"wp:term":[{"taxonomy":"category","embeddable":true,"href":"https:\/\/www.europesays.com\/fr\/wp-json\/wp\/v2\/categories?post=542208"},{"taxonomy":"post_tag","embeddable":true,"href":"https:\/\/www.europesays.com\/fr\/wp-json\/wp\/v2\/tags?post=542208"}],"curies":[{"name":"wp","href":"https:\/\/api.w.org\/{rel}","templated":true}]}}