{"id":542210,"date":"2025-11-18T09:41:18","date_gmt":"2025-11-18T09:41:18","guid":{"rendered":"https:\/\/www.europesays.com\/fr\/542210\/"},"modified":"2025-11-18T09:41:18","modified_gmt":"2025-11-18T09:41:18","slug":"la-cour-des-comptes-sattaque-au-pacte-dutreil-les-chefs-dentreprise-denoncent-un-rapport-desequilibre","status":"publish","type":"post","link":"https:\/\/www.europesays.com\/fr\/542210\/","title":{"rendered":"La Cour des comptes s\u2019attaque au pacte Dutreil, les chefs d\u2019entreprise d\u00e9noncent un rapport \u00ab\u00a0d\u00e9s\u00e9quilibr\u00e9\u00a0\u00bb"},"content":{"rendered":"<p>\n    Les magistrats financiers proposent de r\u00e9former en profondeur de cet outil qui exon\u00e8re les transmissions d\u2019entreprises de certains droits de succession, au grand dam du patronat.<\/p>\n<p class=\"fig-paragraph\">\u00ab\u00a0Le<a href=\"https:\/\/video.lefigaro.fr\/figaro\/economie\/serge-papin-propose-delargir-le-pacte-dutreil-aux-salaries-des-pme-20251028\" data-fig-type=\"Video\" data-gtm-custom-categorie=\"navigation\" data-gtm-custom-action=\"crossclick\" data-gtm-custom-label=\"Contextuel\" data-gtm-event=\"customEventSPE\" data-fig-domain=\"LEFIGARO\" target=\"_blank\" rel=\"noopener\">\u00a0pacte Dutreil<\/a> , plus on en parle aux entreprises, mieux \u00e7a vaut. Mais moins on en parle \u00e0 l\u2019ext\u00e9rieur, mieux \u00e7a vaut\u00a0\u00bb, lan\u00e7ait\u00a0<a href=\"http:\/\/www.lefigaro.fr\/conjoncture\/patrick-martin-au-figaro-le-report-de-la-reforme-des-retraites-est-une-heresie-20251111\" data-fig-type=\"NewsFlash\" data-gtm-custom-categorie=\"navigation\" data-gtm-custom-action=\"crossclick\" data-gtm-custom-label=\"Contextuel\" data-gtm-event=\"customEventSPE\" data-fig-domain=\"LEFIGARO\" target=\"_blank\" rel=\"noopener\">le pr\u00e9sident du Medef<\/a>\u00a0au printemps 2024, lors d\u2019une rencontre consacr\u00e9e aux transmissions d\u2019entreprises. Derri\u00e8re ce trait d\u2019esprit pointait d\u00e9j\u00e0 l\u2019inqui\u00e9tude de voir les d\u00e9cideurs politiques toucher \u00e0 cet outil qui exon\u00e8re en partie ces transmissions de droits de succession, et auquel le monde \u00e9conomique est farouchement attach\u00e9. Un an et demi plus tard, les craintes du patron des patrons semblent se justifier.<\/p>\n<p class=\"fig-body-link\">\n            \u00c0 lire aussi<br \/>\n        <a class=\"fig-body-link__link fig-premium-mark\" href=\"http:\/\/www.lefigaro.fr\/societes\/qui-peut-payer-une-succession-a-45-millions-d-euros-comment-le-pacte-dutreil-attaque-par-les-deputes-permet-aux-entreprises-de-rester-francaises-20251108\" data-fig-type=\"Article\" data-gtm-custom-categorie=\"navigation\" data-gtm-custom-action=\"crossclick\" data-gtm-custom-label=\"Contextuel\" data-gtm-event=\"customEventSPE\" data-fig-domain=\"LEFIGARO\" target=\"_blank\" rel=\"noopener\"><\/p>\n<p>        \u00ab\u00a0Qui peut payer une succession \u00e0 45\u00a0millions d\u2019euros\u00a0?\u00a0\u00bb\u00a0: comment le pacte Dutreil permet aux entreprises de rester fran\u00e7aises<br \/>\n    <\/a>\n<\/p>\n<p class=\"fig-paragraph\">Ce mardi 18 novembre,\u00a0<a href=\"http:\/\/www.lefigaro.fr\/politique\/il-faut-une-gauche-qui-ait-a-coeur-de-gouverner-pierre-moscovici-souhaite-un-candidat-social-democrate-pour-la-presidentielle-2027-20251117\" data-fig-type=\"NewsFlash\" data-gtm-custom-categorie=\"navigation\" data-gtm-custom-action=\"crossclick\" data-gtm-custom-label=\"Contextuel\" data-gtm-event=\"customEventSPE\" data-fig-domain=\"LEFIGARO\" target=\"_blank\" rel=\"noopener\">la Cour des comptes<\/a>\u00a0braque ses projecteurs sur le Pacte Dutreil en lui consacrant un rapport de 129 pages attendu de longue date. Son seul sous-titre a de quoi faire grincer des dents le patronat\u00a0: \u00ab\u00a0Un dispositif fiscal en forte croissance \u00e0 mieux cibler\u00a0\u00bb. Le soulagement \u00e0 peine avou\u00e9 des entreprises apr\u00e8s l\u2019examen budg\u00e9taire sera de courte dur\u00e9e. Si les d\u00e9put\u00e9s &#8211; r\u00e9ceptifs aux suppliques des milieux d\u2019affaires\u2026<\/p>\n<p class=\"fig-premium-paywall__infos\">\n        Cet article est r\u00e9serv\u00e9 aux abonn\u00e9s.        Il vous reste 88% \u00e0 d\u00e9couvrir.\n    <\/p>\n<p>                <img  data- alt=\"Le Figaro\" class=\"fig-img--complete fig-img\"\/><\/p>\n<p class=\"fig-premium-paywall__title\">Black Friday<\/p>\n<p class=\"fig-premium-paywall__subtitle\">-70% sur l&rsquo;abonnement num\u00e9rique<\/p>\n<p class=\"fig-premium-paywall__connect\">\n                D\u00e9j\u00e0 abonn\u00e9\u00a0?                <a class=\"fig-premium-paywall__connect-link\" href=\"https:\/\/connect.lefigaro.fr\/login?client=horizon_web&amp;type=main&amp;redirect_uri=https%3A%2F%2Fwww.lefigaro.fr%2Fconjoncture%2Fla-cour-des-comptes-s-attaque-au-pacte-dutreil-les-chefs-d-entreprise-denoncent-un-rapport-desequilibre-20251118\" data-js-gtm=\"{&quot;customCategorie&quot;: &quot;conversion&quot;, &quot;customAction&quot;: &quot;before_Landing_Connexion_paywall_auto&quot;, &quot;customLabel&quot;: &quot;bGVmaWdhcm8uZnJfXzFmMGM0NTlhLThjNjEtNmM3OC1hMGFiLWNmYjA4YzFiNTdjMF9fTmV3c0ZsYXNo_La Cour des comptes s\u2019attaque au pacte Dutreil, les chefs d\u2019entreprise d\u00e9noncent un rapport \u00ab\u00a0d\u00e9s\u00e9quilibr\u00e9\u00a0\u00bb_447&quot;, &quot;customIDSPE&quot;: &quot;bGVmaWdhcm8uZnJfXzFmMGM0NTlhLThjNjEtNmM3OC1hMGFiLWNmYjA4YzFiNTdjMF9fTmV3c0ZsYXNo&quot;, &quot;event&quot;: &quot;customEventSPE&quot;}\" target=\"_blank\" rel=\"noopener\"><br \/>\n                    Connectez-vous<br \/>\n                <\/a>\n            <\/p>\n","protected":false},"excerpt":{"rendered":"Les magistrats financiers proposent de r\u00e9former en profondeur de cet outil qui exon\u00e8re les transmissions d\u2019entreprises de certains&hellip;\n","protected":false},"author":2,"featured_media":542211,"comment_status":"","ping_status":"","sticky":false,"template":"","format":"standard","meta":{"footnotes":""},"categories":[2],"tags":[11,15721,1011,27,12,25],"class_list":{"0":"post-542210","1":"post","2":"type-post","3":"status-publish","4":"format-standard","5":"has-post-thumbnail","7":"category-actualites","8":"tag-actualites","9":"tag-cour-des-comptes","10":"tag-fr","11":"tag-france","12":"tag-news","13":"tag-republique-francaise"},"share_on_mastodon":{"url":"https:\/\/pubeurope.com\/@fr\/115570048082245113","error":""},"_links":{"self":[{"href":"https:\/\/www.europesays.com\/fr\/wp-json\/wp\/v2\/posts\/542210","targetHints":{"allow":["GET"]}}],"collection":[{"href":"https:\/\/www.europesays.com\/fr\/wp-json\/wp\/v2\/posts"}],"about":[{"href":"https:\/\/www.europesays.com\/fr\/wp-json\/wp\/v2\/types\/post"}],"author":[{"embeddable":true,"href":"https:\/\/www.europesays.com\/fr\/wp-json\/wp\/v2\/users\/2"}],"replies":[{"embeddable":true,"href":"https:\/\/www.europesays.com\/fr\/wp-json\/wp\/v2\/comments?post=542210"}],"version-history":[{"count":0,"href":"https:\/\/www.europesays.com\/fr\/wp-json\/wp\/v2\/posts\/542210\/revisions"}],"wp:featuredmedia":[{"embeddable":true,"href":"https:\/\/www.europesays.com\/fr\/wp-json\/wp\/v2\/media\/542211"}],"wp:attachment":[{"href":"https:\/\/www.europesays.com\/fr\/wp-json\/wp\/v2\/media?parent=542210"}],"wp:term":[{"taxonomy":"category","embeddable":true,"href":"https:\/\/www.europesays.com\/fr\/wp-json\/wp\/v2\/categories?post=542210"},{"taxonomy":"post_tag","embeddable":true,"href":"https:\/\/www.europesays.com\/fr\/wp-json\/wp\/v2\/tags?post=542210"}],"curies":[{"name":"wp","href":"https:\/\/api.w.org\/{rel}","templated":true}]}}