{"id":542212,"date":"2025-11-18T09:42:16","date_gmt":"2025-11-18T09:42:16","guid":{"rendered":"https:\/\/www.europesays.com\/fr\/542212\/"},"modified":"2025-11-18T09:42:16","modified_gmt":"2025-11-18T09:42:16","slug":"face-a-lislam-conquerant-la-france-doit-se-reprendre-et-vite","status":"publish","type":"post","link":"https:\/\/www.europesays.com\/fr\/542212\/","title":{"rendered":"\u00abFace \u00e0 l\u2019islam conqu\u00e9rant, la France doit se reprendre, et vite !\u00bb"},"content":{"rendered":"<p>\n    La pratique religieuse musulmane se fait de plus en plus rigoriste. Le rapport de force est d\u2019autant plus difficile qu\u2019une partie de la gauche, par client\u00e9lisme \u00e9lectoral, a pris le parti de l\u2019islam radical.<\/p>\n<p class=\"fig-paragraph\">Jadis pr\u00e9sent\u00e9e comme la \u00ab\u200afille a\u00een\u00e9e de l\u2019\u00c9glise\u00a0\u00bb, la France fait face aujourd\u2019hui \u00e0 un islam conqu\u00e9rant. Une enqu\u00eate de l\u2019Ifop, r\u00e9alis\u00e9e aupr\u00e8s de 1000 personnes de confession musulmane,\u00a0<a href=\"http:\/\/www.lefigaro.fr\/actualite-france\/en-france-la-tentation-islamiste-gagne-du-terrain-dans-la-jeune-generation-musulmane-20251117\" data-fig-type=\"Article\" data-gtm-custom-categorie=\"navigation\" data-gtm-custom-action=\"crossclick\" data-gtm-custom-label=\"Contextuel\" data-gtm-event=\"customEventSPE\" data-fig-domain=\"LEFIGARO\" target=\"_blank\" rel=\"noopener\">le confirme de fa\u00e7on flagrante<\/a>. Notamment parmi la jeune g\u00e9n\u00e9ration. La pratique religieuse se fait de plus en plus rigoriste. Le port du voile se banalise.\u00a0<a href=\"http:\/\/www.lefigaro.fr\/actualite-france\/salles-de-sport-piscines-discotheques-la-preoccupante-percee-de-la-non-mixite-en-france-20251116\" data-fig-type=\"Article\" data-gtm-custom-categorie=\"navigation\" data-gtm-custom-action=\"crossclick\" data-gtm-custom-label=\"Contextuel\" data-gtm-event=\"customEventSPE\" data-fig-domain=\"LEFIGARO\" target=\"_blank\" rel=\"noopener\">Le rejet de la mixit\u00e9 hommes-femmes<\/a>\u00a0n\u2019est plus marginal. Pour beaucoup, la charia pr\u00e9vaut sur les lois fran\u00e7aises. La sympathie pour les mouvances islamistes est loin d\u2019\u00eatre n\u00e9gligeable\u2026 Les manifestations de cette affirmation identitaire sont inqui\u00e9tantes, mais pas surprenantes.<\/p>\n<p class=\"fig-paragraph\">Des ann\u00e9es de laissez-faire lui ont ouvert la porte. Par l\u00e2chet\u00e9, na\u00efvet\u00e9 ou indiff\u00e9rence, nous n\u2019avons pas su d\u00e9fendre notre la\u00efcit\u00e9 ni lui opposer notre h\u00e9ritage jud\u00e9o-chr\u00e9tien. Celui-ci s\u2019est dispers\u00e9 avec le recul du catholicisme. R\u00e9sultat, pr\u00e8s de quarante ans apr\u00e8s l\u2019affaire du voile de Creil, nous en sommes encore \u00e0 ratiociner sur ce que notre mod\u00e8le de soci\u00e9t\u00e9\u2026<\/p>\n<p class=\"fig-premium-paywall__infos\">\n        Cet article est r\u00e9serv\u00e9 aux abonn\u00e9s.        Il vous reste 57% \u00e0 d\u00e9couvrir.\n    <\/p>\n<p>                <img  data- alt=\"Le Figaro\" class=\"fig-img--complete fig-img\"\/><\/p>\n<p class=\"fig-premium-paywall__title\">Black Friday<\/p>\n<p class=\"fig-premium-paywall__subtitle\">-70% sur l&rsquo;abonnement num\u00e9rique<\/p>\n<p class=\"fig-premium-paywall__connect\">\n                D\u00e9j\u00e0 abonn\u00e9\u00a0?                <a class=\"fig-premium-paywall__connect-link\" href=\"https:\/\/connect.lefigaro.fr\/login?client=horizon_web&amp;type=main&amp;redirect_uri=https%3A%2F%2Fwww.lefigaro.fr%2Fvox%2Fsociete%2Fl-editorial-d-yves-threard-face-a-l-islam-conquerant-la-france-doit-se-reprendre-et-vite-20251117\" data-js-gtm=\"{&quot;customCategorie&quot;: &quot;conversion&quot;, &quot;customAction&quot;: &quot;before_Landing_Connexion_paywall_auto&quot;, &quot;customLabel&quot;: &quot;bGVmaWdhcm8uZnJfXzFmMGMzZTkwLTllZjgtNmY3OC04YWFlLTBkYmY0NDAxMzdkYl9fQXJ0aWNsZQ==_L\u2019\u00e9ditorial d\u2019Yves Thr\u00e9ard\u00a0: \u00abFace \u00e0 l\u2019islam conqu\u00e9rant, la France doit se reprendre, et vite\u00a0!\u00bb_367&quot;, &quot;customIDSPE&quot;: &quot;bGVmaWdhcm8uZnJfXzFmMGMzZTkwLTllZjgtNmY3OC04YWFlLTBkYmY0NDAxMzdkYl9fQXJ0aWNsZQ==&quot;, &quot;event&quot;: &quot;customEventSPE&quot;}\" target=\"_blank\" rel=\"noopener\"><br \/>\n                    Connectez-vous<br \/>\n                <\/a>\n            <\/p>\n","protected":false},"excerpt":{"rendered":"La pratique religieuse musulmane se fait de plus en plus rigoriste. Le rapport de force est d\u2019autant plus&hellip;\n","protected":false},"author":2,"featured_media":542213,"comment_status":"","ping_status":"","sticky":false,"template":"","format":"standard","meta":{"footnotes":""},"categories":[2],"tags":[11,8425,1011,27,2383,5318,12,25],"class_list":{"0":"post-542212","1":"post","2":"type-post","3":"status-publish","4":"format-standard","5":"has-post-thumbnail","7":"category-actualites","8":"tag-actualites","9":"tag-editorial-figaro","10":"tag-fr","11":"tag-france","12":"tag-gauche","13":"tag-islam","14":"tag-news","15":"tag-republique-francaise"},"share_on_mastodon":{"url":"https:\/\/pubeurope.com\/@fr\/115570051968476697","error":""},"_links":{"self":[{"href":"https:\/\/www.europesays.com\/fr\/wp-json\/wp\/v2\/posts\/542212","targetHints":{"allow":["GET"]}}],"collection":[{"href":"https:\/\/www.europesays.com\/fr\/wp-json\/wp\/v2\/posts"}],"about":[{"href":"https:\/\/www.europesays.com\/fr\/wp-json\/wp\/v2\/types\/post"}],"author":[{"embeddable":true,"href":"https:\/\/www.europesays.com\/fr\/wp-json\/wp\/v2\/users\/2"}],"replies":[{"embeddable":true,"href":"https:\/\/www.europesays.com\/fr\/wp-json\/wp\/v2\/comments?post=542212"}],"version-history":[{"count":0,"href":"https:\/\/www.europesays.com\/fr\/wp-json\/wp\/v2\/posts\/542212\/revisions"}],"wp:featuredmedia":[{"embeddable":true,"href":"https:\/\/www.europesays.com\/fr\/wp-json\/wp\/v2\/media\/542213"}],"wp:attachment":[{"href":"https:\/\/www.europesays.com\/fr\/wp-json\/wp\/v2\/media?parent=542212"}],"wp:term":[{"taxonomy":"category","embeddable":true,"href":"https:\/\/www.europesays.com\/fr\/wp-json\/wp\/v2\/categories?post=542212"},{"taxonomy":"post_tag","embeddable":true,"href":"https:\/\/www.europesays.com\/fr\/wp-json\/wp\/v2\/tags?post=542212"}],"curies":[{"name":"wp","href":"https:\/\/api.w.org\/{rel}","templated":true}]}}