{"id":542214,"date":"2025-11-18T09:43:14","date_gmt":"2025-11-18T09:43:14","guid":{"rendered":"https:\/\/www.europesays.com\/fr\/542214\/"},"modified":"2025-11-18T09:43:14","modified_gmt":"2025-11-18T09:43:14","slug":"la-france-peut-se-distinguer-de-la-chine-par-son-approche-tres-partenariale","status":"publish","type":"post","link":"https:\/\/www.europesays.com\/fr\/542214\/","title":{"rendered":"\u00ab La France peut se distinguer de la Chine par son approche tr\u00e8s partenariale\u2009\u00bb"},"content":{"rendered":"<p>Ce mardi et mercredi, plus de 1 900 personnes sont attendues \u00e0 Bercy pour la 7e \u00e9dition d\u2019Ambition Africa, un forum business pour les entreprises fran\u00e7aises et africaines, plac\u00e9 sous le haut patronage du Pr\u00e9sident de la R\u00e9publique, Emmanuel Macron. L&rsquo;\u00e9v\u00e8nement est organis\u00e9 par Business France. L\u2019agence gouvernementale attend plus de 40 nationalit\u00e9s diff\u00e9rentes et plus de 1 400 rendez-vous entre entreprises.<\/p>\n<p>\u00c0 cette occasion, Philippe Garcia, nomm\u00e9 il y a deux mois \u00e0 la direction de la zone Afrique du Nord de Business France, revient pour La Tribune sur ses attentes, ses objectifs et sur les secteurs porteurs dans la r\u00e9gion qu\u2019il couvre.\u00a0<\/p>\n<p><strong>LA TRIBUNE. Vous avez pris fonction il y a deux mois. Quelles sont vos priorit\u00e9s \u00e0 la t\u00eate de la direction Afrique du Nord de Business France ?\u00a0<\/strong><\/p>\n<p><strong>PHILIPPE GARCIA.<\/strong> Nos priorit\u00e9s sur le plan sectoriel restent les m\u00eames : \u00e9nergies, transition \u00e9nerg\u00e9tique, infrastructures, sant\u00e9, num\u00e9rique et agroalimentaire. Depuis que j\u2019ai pris mes fonctions, j&rsquo;ai rencontr\u00e9 \u00e9norm\u00e9ment d&rsquo;acteurs \u00e9conomiques, des institutionnels, des banques, des grands patrons, des PME, des incubateurs, etc. Pour mieux m&rsquo;impr\u00e9gner de ce qu&rsquo;il \u00e9tait possible de mieux faire. C\u2019est une zone sur laquelle nous avons quatre pays (l&rsquo;Alg\u00e9rie, la Tunisie, le Maroc et Libye) et dans laquelle nous avons des positions tr\u00e8s fortes car la France est le premier partenaire \u00e9conomique de la Tunisie, du Maroc et de l&rsquo;Alg\u00e9rie.<\/p>\n<p>\u00ab\u2009La Tunisie peut faire partie d&rsquo;une strat\u00e9gie \u00e9largie de souverainet\u00e9 \u00e9conomique fran\u00e7aise\u2009\u00bb<\/p>\n<p>Si nous le voulions, nous pourrions rester avec ces parts de march\u00e9 et continuer ainsi. Mais nous pouvons aller plus loin, car il y a une vraie volont\u00e9 des Marocains et des Tunisiens en particulier. S&rsquo;agissant de deux pays qui m\u00e8nent une politique de souverainet\u00e9 \u00e9conomique assez marqu\u00e9e, ce que nous essayons de promouvoir c\u00f4t\u00e9 tunisien et c\u00f4t\u00e9 marocain, c\u2019est aller vers du co-d\u00e9veloppement. C\u2019est d\u2019autant plus simple que nous consid\u00e9rons que nous sommes dans une zone relativement stable sur le plan de la relation avec la France et que nous nous trouvons \u00e0 un moment o\u00f9 les entreprises fran\u00e7aises cherchent \u00e0 trouver leurs partenaires, leurs alli\u00e9s, leurs amis.<\/p>\n<p><strong>Vous avez d\u00e9clar\u00e9, au cours de votre prise de\u00a0fonction, que \u00ab la souverainet\u00e9 industrielle de la France passe aussi par la Tunisie \u00bb. Pouvez-vous expliquer cette phrase ?<\/strong><\/p>\n<p>Trop souvent, lorsque l\u2019on parle de la Tunisie en France, l\u2019image \u00e9conomique qui vient, c&rsquo;est l&rsquo;olive, le tourisme et le textile. Mais il y a aussi plein d&rsquo;autres secteurs\u00a0: la sant\u00e9, l&rsquo;automobile, l&rsquo;a\u00e9ronautique, l&rsquo;\u00e9lectronique, l&rsquo;intelligence artificielle, le num\u00e9rique, etc. Et mon propos \u00e9tait de consid\u00e9rer que dans le cadre des politiques de s\u00e9curit\u00e9 et souverainet\u00e9 \u00e9conomique que nous menons, nous sommes un peu le bras arm\u00e9 de la souverainet\u00e9 \u00e9conomique fran\u00e7aise \u00e0 travers l&rsquo;attraction d&rsquo;investissements \u00e9trangers et le d\u00e9veloppement des exportations fran\u00e7aises.<\/p>\n<p>Alors, consid\u00e9rant la facilit\u00e9 qu&rsquo;il y a pour une entreprise fran\u00e7aise \u00e0 produire en Tunisie sans d\u00e9localiser, la Tunisie peut faire partie d&rsquo;une strat\u00e9gie \u00e9largie de souverainet\u00e9 \u00e9conomique fran\u00e7aise. D\u2019autant plus que cela peut nous permettre d\u2019aller conqu\u00e9rir d&rsquo;autres march\u00e9s qui nous sont plus difficilement accessibles, et o\u00f9\u00a0nous avons\u00a0besoin d\u2019une triangulation\u00a0: c&rsquo;est le cas en Afrique francophone par exemple.<\/p>\n<p>\u00ab\u2009En Alg\u00e9rie, aucune entreprise fran\u00e7aise, \u00e0 ma connaissance, n&rsquo;a ferm\u00e9\u2009\u00bb<\/p>\n<p><strong>Attendez-vous certains signaux de la part de Tunis sur le climat des affaires, le cadre r\u00e9glementaire&#8230; ?<\/strong><\/p>\n<p>A priori, pas dans l&rsquo;imm\u00e9diat. Ce\u00a0que nous serions\u00a0en mesure d&rsquo;attendre, c&rsquo;est que la Tunisie,\u00a0qui\u00a0n\u2019a pas de marque pays pour l\u2019instant, communique davantage sur ses atouts qui sont bien r\u00e9els. Dans l&rsquo;innovation, dans l&rsquo;intelligence artificielle, dans le num\u00e9rique, ils ont des talents vraiment exceptionnels. Les flux d&rsquo;investissements fran\u00e7ais en 2025 ont encore progress\u00e9.<\/p>\n<p><strong>Quelles relations entretenez-vous avec l\u2019Alg\u00e9rie, alors que les deux derni\u00e8res ann\u00e9es ont \u00e9t\u00e9 d\u00e9grad\u00e9es sur le plan politique ?\u00a0<\/strong><\/p>\n<p>En Alg\u00e9rie, Business France a maintenu une pr\u00e9sence. Malgr\u00e9 une certaine r\u00e9duction de notre activit\u00e9, nous avons vraiment tenu \u00e0 maintenir un bureau, comme l&rsquo;ont fait d&rsquo;ailleurs les entreprises fran\u00e7aises qui ont des filiales. Aucune, \u00e0 ma connaissance, n&rsquo;a ferm\u00e9. Elles sont rest\u00e9es en Alg\u00e9rie malgr\u00e9 la baisse de l&rsquo;activit\u00e9 et parce que c&rsquo;est l&rsquo;Alg\u00e9rie. Parce qu\u2019il y a une proximit\u00e9 historique, affective, peut-\u00eatre un peu passionnelle parfois. Et donc, nous croyons \u00e0 un redoux, et c&rsquo;est dans cette perspective que nous avons maintenu un bureau.<\/p>\n<p><strong>Au Maroc, quels secteurs vous paraissent particuli\u00e8rement porteurs\u00a0?<\/strong><\/p>\n<p>Parmi les secteurs particuli\u00e8rement porteurs, il y a effectivement les phosphates. 70 % des r\u00e9serves mondiales sont au Maroc. Mais il y a d\u2019autres secteurs, comme le sport, sur lequel nous nous lan\u00e7ons. Nous nous positionnons avec la CAN en ce moment, et la Coupe du Monde FIFA 2030, \u00e0 la fois sur des enjeux d\u2019infrastructures mais aussi sur tous les contr\u00f4les, s\u00e9curit\u00e9, billetterie, etc. Il y a le secteur de la mode, de la sant\u00e9, de la logistique. Et dans le secteur des infrastructures, il y a de plus en plus le ferroviaire. Il y a une vraie politique de d\u00e9carbonation de l\u2019\u00e9conomie marocaine, comme c\u2019est le cas en Tunisie aussi.<\/p>\n<p><strong>L\u2019Afrique du Nord occupera-t-elle une place importante au forum ?<\/strong><\/p>\n<p>Oui, elle est importante en termes de participants. Il devrait y avoir environ 200 Nord-Africains, essentiellement des entreprises, des patrons d&rsquo;entreprises priv\u00e9es du Maroc, de Tunisie, d\u2019Alg\u00e9rie et nous avons \u00e9galement une grande d\u00e9l\u00e9gation libyenne. Pour nous, le succ\u00e8s du forum se constatera dans les prochaines semaines, par l&rsquo;ardeur que nous allons mettre \u00e0 aller revoir les participants qui nous paraissent vouloir jouer un r\u00f4le dans le d\u00e9veloppement ou dans le renforcement du partenariat franco-africain. Nous leur proposerons de nouveaux formats de coop\u00e9ration. Je pense que c&rsquo;est l&rsquo;avenir de la relation franco-africaine sur les plans \u00e9conomique, commercial et industriel. Nous sommes tr\u00e8s attendus sur ces sujets-l\u00e0, y compris sur la coop\u00e9ration technique et le transfert de technologie dans une grande majorit\u00e9 des pays africains. Et c&rsquo;est aussi une mani\u00e8re de se distinguer de la Chine qui fait de l&rsquo;Afrique un de ses relais prioritaires de d\u00e9veloppement international. Nous pouvons nous en distinguer par notre approche tr\u00e8s partenariale et par l&rsquo;excellence de nos fili\u00e8res.<\/p>\n<p><strong>Quel conseil donneriez-vous aux entreprises fran\u00e7aises qui se rendent \u00e0 Bercy\u00a0?<\/strong><\/p>\n<p>Il y a \u00e9norm\u00e9ment d&rsquo;investissement 100 % fran\u00e7ais qui vont se localiser dans ces pays, il y a \u00e9galement \u00e9norm\u00e9ment d&rsquo;investissement, 100 % tunisiens ou marocains en France. Ce que nous ambitionnons de faire, c\u2019est que nous puissions montrer que nous sommes capables de promouvoir des champions franco-marocains ou franco-tunisiens, tout comme nous avons su cr\u00e9er des champions europ\u00e9ens.\u00a0<\/p>\n<p><strong>L\u2019intelligence artificielle va occuper une part importante des conf\u00e9rences. Quel est l\u2019\u00e9tat de la fili\u00e8re en Afrique du Nord\u00a0?<\/strong><\/p>\n<p>Il y a quelques data centers, mais il y a surtout des incubateurs. Et il y a surtout une mani\u00e8re que nous avons aussi de faire travailler ensemble les universit\u00e9s, les grands groupes, les start-up, les centres de recherche et d\u00e9veloppement au Maroc comme en Tunisie. Et puis il y a une fibre, un profond attachement pour le num\u00e9rique et l&rsquo;intelligence artificielle. Je pense que les premiers vrais champions franco-marocains ou franco-tunisiens nous les aurons dans l\u2019IA, car c&rsquo;est un secteur agile.<\/p>\n","protected":false},"excerpt":{"rendered":"Ce mardi et mercredi, plus de 1 900 personnes sont attendues \u00e0 Bercy pour la 7e \u00e9dition d\u2019Ambition&hellip;\n","protected":false},"author":2,"featured_media":542215,"comment_status":"","ping_status":"","sticky":false,"template":"","format":"standard","meta":{"footnotes":""},"categories":[4],"tags":[17,11,48348,17667,29677,309,66048,1011,27,4743,59387,12,66049,25],"class_list":{"0":"post-542214","1":"post","2":"type-post","3":"status-publish","4":"format-standard","5":"has-post-thumbnail","7":"category-france","8":"tag-17","9":"tag-actualites","10":"tag-africa","11":"tag-ambition","12":"tag-approche","13":"tag-chine","14":"tag-distinguer","15":"tag-fr","16":"tag-france","17":"tag-la","18":"tag-la-tribune-afrique","19":"tag-news","20":"tag-partenariale","21":"tag-republique-francaise"},"share_on_mastodon":{"url":"https:\/\/pubeurope.com\/@fr\/115570056025463203","error":""},"_links":{"self":[{"href":"https:\/\/www.europesays.com\/fr\/wp-json\/wp\/v2\/posts\/542214","targetHints":{"allow":["GET"]}}],"collection":[{"href":"https:\/\/www.europesays.com\/fr\/wp-json\/wp\/v2\/posts"}],"about":[{"href":"https:\/\/www.europesays.com\/fr\/wp-json\/wp\/v2\/types\/post"}],"author":[{"embeddable":true,"href":"https:\/\/www.europesays.com\/fr\/wp-json\/wp\/v2\/users\/2"}],"replies":[{"embeddable":true,"href":"https:\/\/www.europesays.com\/fr\/wp-json\/wp\/v2\/comments?post=542214"}],"version-history":[{"count":0,"href":"https:\/\/www.europesays.com\/fr\/wp-json\/wp\/v2\/posts\/542214\/revisions"}],"wp:featuredmedia":[{"embeddable":true,"href":"https:\/\/www.europesays.com\/fr\/wp-json\/wp\/v2\/media\/542215"}],"wp:attachment":[{"href":"https:\/\/www.europesays.com\/fr\/wp-json\/wp\/v2\/media?parent=542214"}],"wp:term":[{"taxonomy":"category","embeddable":true,"href":"https:\/\/www.europesays.com\/fr\/wp-json\/wp\/v2\/categories?post=542214"},{"taxonomy":"post_tag","embeddable":true,"href":"https:\/\/www.europesays.com\/fr\/wp-json\/wp\/v2\/tags?post=542214"}],"curies":[{"name":"wp","href":"https:\/\/api.w.org\/{rel}","templated":true}]}}