{"id":542217,"date":"2025-11-18T09:46:13","date_gmt":"2025-11-18T09:46:13","guid":{"rendered":"https:\/\/www.europesays.com\/fr\/542217\/"},"modified":"2025-11-18T09:46:13","modified_gmt":"2025-11-18T09:46:13","slug":"louis-bielle-biarrey-finaliste-pour-le-titre-du-joueur-de-lannee","status":"publish","type":"post","link":"https:\/\/www.europesays.com\/fr\/542217\/","title":{"rendered":"Louis Bielle-Biarrey finaliste pour le titre du joueur de l&rsquo;ann\u00e9e"},"content":{"rendered":"<p>\n    Le joueur du XV de France a \u00e9t\u00e9 nomm\u00e9 pour le titre de joueur de l\u2019ann\u00e9e 2025. Le r\u00e9sultat sera d\u00e9voil\u00e9 le 22 novembre.<\/p>\n<p class=\"fig-paragraph\">\u00abLBB\u00bb bient\u00f4t r\u00e9compens\u00e9\u00a0? L&rsquo;ailier du\u00a0<a href=\"https:\/\/www.lefigaro.fr\/sports\/rugby\/xv-de-france\" target=\"_blank\" data-fig-type=\"Section\" rel=\"sponsored noopener\" data-gtm-custom-categorie=\"navigation\" data-gtm-custom-action=\"crossclick\" data-gtm-custom-label=\"Contextuel\" data-gtm-event=\"customEventSPE\" data-fig-domain=\"LEFIGARO\">XV de France<\/a>\u00a0et de<a href=\"http:\/\/www.lefigaro.fr\/sports\/rugby\/top-14\/top-14-forfait-pour-la-tournee-du-xv-de-france-jalibert-a-repris-l-entrainement-avec-l-ubb-20251117\" data-fig-type=\"NewsFlash\" data-gtm-custom-categorie=\"navigation\" data-gtm-custom-action=\"crossclick\" data-gtm-custom-label=\"Contextuel\" data-gtm-event=\"customEventSPE\" data-fig-domain=\"LEFIGARO\" target=\"_blank\" rel=\"noopener\">\u00a0l&rsquo;Union Bordeaux-B\u00e8gles<\/a>\u00a0Louis Bielle-Biarrey est dans les finalistes en vue du titre de joueur de l&rsquo;ann\u00e9e 2025, a annonc\u00e9 mardi la f\u00e9d\u00e9ration internationale World\u00a0<a href=\"https:\/\/www.lefigaro.fr\/sports\/rugby\" target=\"_blank\" data-fig-type=\"Section\" rel=\"sponsored noopener\" data-gtm-custom-categorie=\"navigation\" data-gtm-custom-action=\"crossclick\" data-gtm-custom-label=\"Contextuel\" data-gtm-event=\"customEventSPE\" data-fig-domain=\"LEFIGARO\">Rugby<\/a>, qui remet la distinction.<\/p>\n<p class=\"fig-paragraph\">Le Fran\u00e7ais, qui a \u00e9gal\u00e9 le record du nombre d&rsquo;essais marqu\u00e9s lors d&rsquo;une \u00e9dition du Tournoi des six nations, gagn\u00e9 par la France en d\u00e9but d&rsquo;ann\u00e9e, est en concurrence avec trois avants sud-africains: le troisi\u00e8me ligne Pieter-Steph du Toit, qui a re\u00e7u le prix d\u00e9j\u00e0 deux fois, dont en 2024, le talonneur Malcolm Marx et le pilier Ox Nche, le premier joueur \u00e0 ce poste \u00e0 figurer parmi les finalistes.<\/p>\n<p>                                    <a class=\"fig-a11y-skip a11y-hidden\" href=\"#fig-a11y-skip-main-inarticle\"><br \/>\n        Passer la publicit\u00e9<br \/>\n    <\/a><\/p>\n<p class=\"fig-paragraph\">L&rsquo;Afrique du Sud a remport\u00e9 le Rugby Championship en 2025, infligeant notamment la pire d\u00e9faite de l&rsquo;histoire de la Nouvelle-Z\u00e9lande (43-10), qui plus est devant son public.<\/p>\n<p class=\"fig-paragraph\">Le prix, d\u00e9cern\u00e9 par un jury de huit anciens joueurs de haut niveau, se concentre sur les performances lors des matches internationaux et ne prend donc pas en compte les r\u00e9sultats en club, avec lequel Bielle-Biarrey a remport\u00e9 la Champions Cup et \u00e9t\u00e9 finaliste du Top 14.<\/p>\n<p>Le r\u00e9sultat sera d\u00e9voil\u00e9 le 22 novembre<\/p>\n<p class=\"fig-paragraph\">Dans les autres cat\u00e9gories le N\u00e9o-Z\u00e9landais Fabian Holland, le Sud-Africain Ethan Hooker, l&rsquo;Anglais Henry Pollock et l&rsquo;Australien Joseph-Aukuso Suaalii sont en lice pour le titre de r\u00e9v\u00e9lation de l&rsquo;ann\u00e9e.<\/p>\n<p class=\"fig-paragraph\">Le prix pour l&rsquo;essai de l&rsquo;ann\u00e9e se jouera entre l&rsquo;Argentin Santiago Cordero, le Chilien Santiago Pedrero, le Fidjien Lekima Tagitagivalu et le N\u00e9o-Z\u00e9landais Tupou Vaa&rsquo;i, pour une r\u00e9alisation contre le XV de France en juillet.<\/p>\n<p class=\"fig-paragraph\">Chez les femmes, la deuxi\u00e8me ligne canadienne Sophie de Goede a \u00e9t\u00e9 \u00e9lue joueuse de l&rsquo;ann\u00e9e dans la foul\u00e9e du Mondial-2025, remport\u00e9 par l&rsquo;Angleterre contre le Canada, et la Black Fern Braxton Sorensen-McGee r\u00e9v\u00e9lation de l&rsquo;ann\u00e9e.<\/p>\n","protected":false},"excerpt":{"rendered":"Le joueur du XV de France a \u00e9t\u00e9 nomm\u00e9 pour le titre de joueur de l\u2019ann\u00e9e 2025. Le&hellip;\n","protected":false},"author":2,"featured_media":542218,"comment_status":"","ping_status":"","sticky":false,"template":"","format":"standard","meta":{"footnotes":""},"categories":[1416],"tags":[1011,27,12099,479,1468,60,4364],"class_list":{"0":"post-542217","1":"post","2":"type-post","3":"status-publish","4":"format-standard","5":"has-post-thumbnail","7":"category-rugby","8":"tag-fr","9":"tag-france","10":"tag-louis-bielle-biarrey","11":"tag-rugby","12":"tag-rugby-football","13":"tag-sports","14":"tag-ubb"},"share_on_mastodon":{"url":"https:\/\/pubeurope.com\/@fr\/115570067741207927","error":""},"_links":{"self":[{"href":"https:\/\/www.europesays.com\/fr\/wp-json\/wp\/v2\/posts\/542217","targetHints":{"allow":["GET"]}}],"collection":[{"href":"https:\/\/www.europesays.com\/fr\/wp-json\/wp\/v2\/posts"}],"about":[{"href":"https:\/\/www.europesays.com\/fr\/wp-json\/wp\/v2\/types\/post"}],"author":[{"embeddable":true,"href":"https:\/\/www.europesays.com\/fr\/wp-json\/wp\/v2\/users\/2"}],"replies":[{"embeddable":true,"href":"https:\/\/www.europesays.com\/fr\/wp-json\/wp\/v2\/comments?post=542217"}],"version-history":[{"count":0,"href":"https:\/\/www.europesays.com\/fr\/wp-json\/wp\/v2\/posts\/542217\/revisions"}],"wp:featuredmedia":[{"embeddable":true,"href":"https:\/\/www.europesays.com\/fr\/wp-json\/wp\/v2\/media\/542218"}],"wp:attachment":[{"href":"https:\/\/www.europesays.com\/fr\/wp-json\/wp\/v2\/media?parent=542217"}],"wp:term":[{"taxonomy":"category","embeddable":true,"href":"https:\/\/www.europesays.com\/fr\/wp-json\/wp\/v2\/categories?post=542217"},{"taxonomy":"post_tag","embeddable":true,"href":"https:\/\/www.europesays.com\/fr\/wp-json\/wp\/v2\/tags?post=542217"}],"curies":[{"name":"wp","href":"https:\/\/api.w.org\/{rel}","templated":true}]}}