{"id":542223,"date":"2025-11-18T09:52:12","date_gmt":"2025-11-18T09:52:12","guid":{"rendered":"https:\/\/www.europesays.com\/fr\/542223\/"},"modified":"2025-11-18T09:52:12","modified_gmt":"2025-11-18T09:52:12","slug":"asse-mercato-le-psg-a-flashe-sur-le-nouveau-stassin","status":"publish","type":"post","link":"https:\/\/www.europesays.com\/fr\/542223\/","title":{"rendered":"ASSE Mercato\u00a0: le PSG a flash\u00e9 sur le nouveau Stassin\u00a0!\u00a0"},"content":{"rendered":"<p><strong>En qu\u00eate de jeunesse et de projection, le Paris Saint-Germain s\u2019appr\u00eate \u00e0 lancer une offensive de taille pour attirer Nathan de Cat, prodige prometteur d\u2019Anderlecht de seulement 17 ans.\u00a0<\/strong><\/p>\n<p>Le <a href=\"https:\/\/www.butfootballclub.fr\/1629577-real-madrid-audience-explosive-entre-mbappe-et-le-psg-entre-rebondissements-et-millions-en-jeu\/\" target=\"_blank\" rel=\"noopener\">PSG<\/a> change de cap. Fini le tout \u00ab stars confirm\u00e9es \u00bb, Luis Enrique ouvre la voie \u00e0 une strat\u00e9gie tourn\u00e9e vers l\u2019avenir. Dans le viseur du club parisien : Nathan de Cat, jeune milieu de terrain du RSC Anderlecht, dont les prestations impressionnent les recruteurs europ\u00e9ens. Maturit\u00e9, volume de jeu, personnalit\u00e9 : \u00e0 seulement 17 ans, il coche toutes les cases pour devenir un cadre de demain.<\/p>\n<p>Le PSG, qui a d\u00e9j\u00e0 nou\u00e9 des premiers contacts selon <a href=\"https:\/\/www.fichajes.net\/noticias\/psg-ofrece-35-millones-joya-17-anos-conmociona-europa-20251116.html\" target=\"_blank\" rel=\"noopener\">Fichajes<\/a>, serait pr\u00eat \u00e0 investir environ 35 millions d\u2019euros pour s\u2019assurer ses services. Un montant \u00e9lev\u00e9 mais r\u00e9v\u00e9lateur de la confiance plac\u00e9e dans son potentiel. Sous contrat jusqu\u2019en 2027, le joueur ne sera toutefois pas brad\u00e9 par Anderlecht, qui le consid\u00e8re comme une pi\u00e8ce strat\u00e9gique de son projet sportif. Une p\u00e9pite belge achet\u00e9e au prix fort et pass\u00e9e par Anderlecht, l\u2019ASSE a d\u00e9j\u00e0 fait le coup avec Lucas Stassin \u00e0 l\u2019\u00e9t\u00e9 2024\u2026<\/p>\n<p>De Cat dans la lign\u00e9e de Stassin ?<\/p>\n<p>Mais le temps presse. Le Bayern Munich et le Borussia Dortmund, sp\u00e9cialistes du d\u00e9veloppement de jeunes talents, ont eux aussi manifest\u00e9 un int\u00e9r\u00eat concret. Le <a href=\"https:\/\/www.butfootballclub.fr\/1629522-psg-lucas-chevalier-a-ecrit-un-nouveau-record-de-mediocrite\/\" target=\"_blank\" rel=\"noopener\">PSG<\/a> ne veut pas revivre le sc\u00e9nario d\u2019un dossier qui s\u2019\u00e9ternise et finit par se compliquer. L\u2019id\u00e9e est donc d\u2019avancer rapidement, avant que la concurrence ne s\u2019en m\u00eale davantage.<\/p>\n<p>De Cat continue de grappiller du temps de jeu en Belgique et s\u00e9duit de plus en plus d\u2019observateurs. \u00c0 Anderlecht, on sait que l\u2019arriv\u00e9e d\u2019une offre \u00e0 35 millions pourrait devenir impossible \u00e0 ignorer. Une vente de cette ampleur repr\u00e9senterait m\u00eame l\u2019une des plus importantes de l\u2019histoire du club.<\/p>\n<p>L\u2019op\u00e9ration s\u2019inscrit dans la nouvelle politique sportive du <a href=\"https:\/\/www.butfootballclub.fr\/1629600-conflit-mbappe-psg-pleurs-transfert-en-arabie-saoudite-les-gros-details-de-laudience\/\" target=\"_blank\" rel=\"noopener\">PSG<\/a> : b\u00e2tir une \u00e9quipe plus \u00e9quilibr\u00e9e, plus comp\u00e9titive et moins d\u00e9pendante de stars d\u00e9j\u00e0 \u00e9tablies. Miser sur un profil \u00e0 forte projection comme celui de de Cat en est l\u2019illustration parfaite. Si les n\u00e9gociations avancent dans le bon sens, le transfert pourrait devenir l\u2019un des dossiers majeurs du mercato hivernal.\u00a0<\/p>\n","protected":false},"excerpt":{"rendered":"En qu\u00eate de jeunesse et de projection, le Paris Saint-Germain s\u2019appr\u00eate \u00e0 lancer une offensive de taille pour&hellip;\n","protected":false},"author":2,"featured_media":542224,"comment_status":"","ping_status":"","sticky":false,"template":"","format":"standard","meta":{"footnotes":""},"categories":[1410],"tags":[11,448,63,1011,27,66,3388,12,60,10662],"class_list":{"0":"post-542223","1":"post","2":"type-post","3":"status-publish","4":"format-standard","5":"has-post-thumbnail","7":"category-football","8":"tag-actualites","9":"tag-champions-league","10":"tag-football","11":"tag-fr","12":"tag-france","13":"tag-ligue-1","14":"tag-matchs","15":"tag-news","16":"tag-sports","17":"tag-transferts"},"share_on_mastodon":{"url":"https:\/\/pubeurope.com\/@fr\/115570091339606033","error":""},"_links":{"self":[{"href":"https:\/\/www.europesays.com\/fr\/wp-json\/wp\/v2\/posts\/542223","targetHints":{"allow":["GET"]}}],"collection":[{"href":"https:\/\/www.europesays.com\/fr\/wp-json\/wp\/v2\/posts"}],"about":[{"href":"https:\/\/www.europesays.com\/fr\/wp-json\/wp\/v2\/types\/post"}],"author":[{"embeddable":true,"href":"https:\/\/www.europesays.com\/fr\/wp-json\/wp\/v2\/users\/2"}],"replies":[{"embeddable":true,"href":"https:\/\/www.europesays.com\/fr\/wp-json\/wp\/v2\/comments?post=542223"}],"version-history":[{"count":0,"href":"https:\/\/www.europesays.com\/fr\/wp-json\/wp\/v2\/posts\/542223\/revisions"}],"wp:featuredmedia":[{"embeddable":true,"href":"https:\/\/www.europesays.com\/fr\/wp-json\/wp\/v2\/media\/542224"}],"wp:attachment":[{"href":"https:\/\/www.europesays.com\/fr\/wp-json\/wp\/v2\/media?parent=542223"}],"wp:term":[{"taxonomy":"category","embeddable":true,"href":"https:\/\/www.europesays.com\/fr\/wp-json\/wp\/v2\/categories?post=542223"},{"taxonomy":"post_tag","embeddable":true,"href":"https:\/\/www.europesays.com\/fr\/wp-json\/wp\/v2\/tags?post=542223"}],"curies":[{"name":"wp","href":"https:\/\/api.w.org\/{rel}","templated":true}]}}