{"id":542225,"date":"2025-11-18T09:53:11","date_gmt":"2025-11-18T09:53:11","guid":{"rendered":"https:\/\/www.europesays.com\/fr\/542225\/"},"modified":"2025-11-18T09:53:11","modified_gmt":"2025-11-18T09:53:11","slug":"notre-critique-de-dossier-137-un-film-denquete-passionnant","status":"publish","type":"post","link":"https:\/\/www.europesays.com\/fr\/542225\/","title":{"rendered":"Notre critique de Dossier 137, un film d\u2019enqu\u00eate passionnant"},"content":{"rendered":"<p>\n    <strong>CRITIQUE &#8211; <\/strong>Apr\u00e8s La Nuit du 12, Dominique Moll met en sc\u00e8ne L\u00e9a Drucker en enqu\u00eatrice de l\u2019IGPN sur fond de manifestations en d\u00e9cembre 2018.<\/p>\n<p class=\"fig-paragraph\">Dans\u00a0<a href=\"https:\/\/www.lefigaro.fr\/cinema\/notre-critique-de-la-nuit-du-12-l-incarnation-du-male-20220712\" data-fig-type=\"Article\" data-gtm-custom-categorie=\"navigation\" data-gtm-custom-action=\"crossclick\" data-gtm-custom-label=\"Contextuel\" data-gtm-event=\"customEventSPE\" data-fig-domain=\"LEFIGARO\" target=\"_blank\" rel=\"noopener\">La Nuit du 12<\/a>, film aux six C\u00e9sar, tout \u00e9tait plus simple. La police judiciaire de Grenoble enqu\u00eatait sur le meurtre de Clara, une jeune fille br\u00fbl\u00e9e vive. En fait, rien n\u2019\u00e9tait simple pour le chef de groupe\u00a0<a href=\"https:\/\/www.lefigaro.fr\/cinema\/cesar-2023-bastien-bouillon-la-revanche-d-un-discret-20230314\" data-fig-type=\"Article\" data-gtm-custom-categorie=\"navigation\" data-gtm-custom-action=\"crossclick\" data-gtm-custom-label=\"Contextuel\" data-gtm-event=\"customEventSPE\" data-fig-domain=\"LEFIGARO\" target=\"_blank\" rel=\"noopener\">Bastien Bouillon<\/a>\u00a0et ses hommes. Les suspects et t\u00e9moins d\u00e9versaient leur misogynie plus ou moins d\u00e9complex\u00e9e, la v\u00e9rit\u00e9 se d\u00e9robait, la nuit s\u2019\u00e9paississait. Mais la masculinit\u00e9 toxique, criminelle en l\u2019occurrence, \u00e9tait le coupable tout d\u00e9sign\u00e9 dans cette affaire de f\u00e9minicide. Dans Dossier 137, St\u00e9phanie marche sur un fil d\u00e8s le d\u00e9but de la proc\u00e9dure.<\/p>\n<p class=\"fig-paragraph\">Elle est enqu\u00eatrice \u00e0 l\u2019IGPN, la police des polices. En ce d\u00e9cembre 2018,\u00a0<a href=\"http:\/\/www.lefigaro.fr\/actualite-france\/dossier\/hausse-des-carburants-manifestation-des-gilets-jaunes\" data-fig-type=\"Topic\" data-gtm-custom-categorie=\"navigation\" data-gtm-custom-action=\"crossclick\" data-gtm-custom-label=\"Contextuel\" data-gtm-event=\"customEventSPE\" data-fig-domain=\"LEFIGARO\" target=\"_blank\" rel=\"noopener\">les manifestations de \u00ab\u00a0gilets jaunes\u00a0\u00bb<\/a>\u00a0d\u00e9g\u00e9n\u00e8rent sur les Champs-\u00c9lys\u00e9es. \u00c0 la violence d\u2019une partie de cette \u00ab\u00a0France des ronds-points\u00a0\u00bb r\u00e9pond celle de certaines forces de l\u2019ordre. St\u00e9phanie traite des bavures, comme ce tir de repr\u00e9sailles d\u2019un CRS, coupable d\u2019avoir lanc\u00e9 un pav\u00e9 sur la foule. Au substitut du procureur, elle \u00e9voque des circonstances att\u00e9nuantes. Son commandant venait de se faire d\u00e9chiqueter le visage par un pav\u00e9 sous les applaudissements des manifestants.<\/p>\n<p>                                    <a class=\"fig-a11y-skip a11y-hidden\" href=\"#fig-a11y-skip-main-inarticle\"><br \/>\n        Passer la publicit\u00e9<br \/>\n    <\/a><\/p>\n<p class=\"fig-paragraph\">Le dossier 137 va mettre \u00e0 l\u2019\u00e9preuve sa soif de justice et sa comp\u00e9tence de polici\u00e8re. Guillaume, apprenti \u00e9lectricien de Saint-Dizier mont\u00e9 \u00e0 Paris avec sa famille non pour casser ni piller mais pour d\u00e9fendre les services publics et visiter au passage la capitale, a \u00e9t\u00e9 gri\u00e8vement bless\u00e9 par\u00a0<a href=\"http:\/\/www.lefigaro.fr\/politique\/emeutes-il-n-est-pas-question-de-retirer-les-lbd-en-france-tranche-bruno-retailleau-20230705\" target=\"_blank\" data-fig-type=\"Article\" rel=\"noopener\" data-gtm-custom-categorie=\"navigation\" data-gtm-custom-action=\"crossclick\" data-gtm-custom-label=\"Contextuel\" data-gtm-event=\"customEventSPE\" data-fig-domain=\"LEFIGARO\">un tir de LBD<\/a>\u00a0en marge d\u2019une manifestation dans une rue du 8e\u00a0arrondissement. Il est \u00e0 l\u2019h\u00f4pital, aphasique, en attendant de survivre avec des s\u00e9quelles.<\/p>\n<p>Oratorio judiciaire<\/p>\n<p class=\"fig-paragraph\">Dominique Moll, toujours accompagn\u00e9 de son cosc\u00e9nariste Gilles Marchand, s\u2019inspire de faits r\u00e9els. Mais leur fiction document\u00e9e n\u2019a rien d\u2019un tract militant. Ils montrent le travail de flic avec minutie. Son exigence, son ingratitude, sa lourdeur bureaucratique et sa prosodie &#8211; le liminaire \u00ab\u00a0Prions et au besoin requ\u00e9rons\u2026\u00a0\u00bb \u00e0 chaque fois que St\u00e9phanie et ses coll\u00e8gues demandent par courriel \u00e0 entendre un t\u00e9moin, issu de la hi\u00e9rarchie polici\u00e8re ou de l\u2019entourage de Guillaume.<\/p>\n<p class=\"fig-body-link\">\n            \u00c0 lire aussi<br \/>\n        <a class=\"fig-body-link__link fig-premium-mark\" href=\"http:\/\/www.lefigaro.fr\/musique\/brise-par-les-gilets-jaunes-choisi-par-jean-jacques-goldman-yvard-l-ancien-gendarme-devenu-rocker-20250409\" target=\"_blank\" data-fig-type=\"Article\" rel=\"noopener\" data-gtm-custom-categorie=\"navigation\" data-gtm-custom-action=\"crossclick\" data-gtm-custom-label=\"Contextuel\" data-gtm-event=\"customEventSPE\" data-fig-domain=\"LEFIGARO\"><\/p>\n<p>        Bris\u00e9 par les \u00ab gilets jaunes\u00a0\u00bb, choisi par Jean-Jacques Goldman&#8230; Yvard, l\u2019ancien gendarme devenu rocker<br \/>\n    <\/a>\n<\/p>\n<p class=\"fig-paragraph\">Le montage des auditions, d\u00e9j\u00e0 saisissant dans La Nuit du 12, provoque le vertige. Ce tissu de paroles, contradictoires, mensong\u00e8res parfois, compose un oratorio judiciaire. \u00c0 l\u2019ambivalence des mots, Dossier 137 superpose celle des images. Les sources sont multiples\u00a0: r\u00e9seaux sociaux, reportage t\u00e9l\u00e9, cam\u00e9ra de vid\u00e9osurveillance. Ces images, comme autant de pi\u00e8ces d\u2019un puzzle difficile \u00e0 interpr\u00e9ter, montrent des policiers de la BAC qui ont d\u00fb s\u2019\u00e9quiper eux-m\u00eames de casques Decathlon. Comme pour ceux de la BRI, h\u00e9ros du Bataclan lors des\u00a0<a href=\"http:\/\/www.lefigaro.fr\/actualite-france\/dossier\/dix-ans-des-attentats-du-13-novembre-notre-dossier-sur-les-commemorations\" data-fig-type=\"Topic\" data-gtm-custom-categorie=\"navigation\" data-gtm-custom-action=\"crossclick\" data-gtm-custom-label=\"Contextuel\" data-gtm-event=\"customEventSPE\" data-fig-domain=\"LEFIGARO\" target=\"_blank\" rel=\"noopener\">attentats du 13\u00a0Novembre\u00a0<\/a>trois ans plus t\u00f4t, le maintien de l\u2019ordre ne fait pas partie de leurs attributions. Un gouvernement paniqu\u00e9 face aux \u00ab\u00a0gilets jaunes\u00a0\u00bb leur a ordonn\u00e9 de \u00ab\u00a0sauver la R\u00e9publique\u00a0\u00bb. <\/p>\n<p class=\"fig-paragraph\">Dossier 137 rappelle cette improvisation. Mais Dominik Moll signe bien un film d\u2019enqu\u00eate, captivant, avec ses fausses pistes, ses rebondissements, et en son c\u0153ur une silhouette myst\u00e9rieuse \u00e0 la fen\u00eatre d\u2019un h\u00f4tel, susceptible d\u2019\u00eatre un t\u00e9moin oculaire le soir du drame.<\/p>\n<p class=\"fig-paragraph\">L\u00e9a Drucker est impressionnante en enqu\u00eatrice \u00e0 fleur de peau, tr\u00e8s professionnelle et pourtant capable d\u2019empathie, ce mot qui semble d\u00e9signer une maladie. Sa sup\u00e9rieure en fait le reproche \u00e0 St\u00e9phanie, originaire de Saint-Dizier comme la victime. Il y a un \u00ab\u00a0biais\u00a0\u00bb. \u00ab\u00a0Je suis polici\u00e8re, comme ceux qui ont tir\u00e9 sur Guillaume\u00a0\u00bb, r\u00e9pond St\u00e9phanie. Un autre biais, qui rend le regard qu\u2019elle porte sur une soci\u00e9t\u00e9 fran\u00e7aise fractur\u00e9e, \u00e0 la fois douloureux et passionnant.<\/p>\n","protected":false},"excerpt":{"rendered":"CRITIQUE &#8211; Apr\u00e8s La Nuit du 12, Dominique Moll met en sc\u00e8ne L\u00e9a Drucker en enqu\u00eatrice de l\u2019IGPN&hellip;\n","protected":false},"author":2,"featured_media":542226,"comment_status":"","ping_status":"","sticky":false,"template":"","format":"standard","meta":{"footnotes":""},"categories":[1359],"tags":[66050,58,59,5634,1011,27,23169,973],"class_list":{"0":"post-542225","1":"post","2":"type-post","3":"status-publish","4":"format-standard","5":"has-post-thumbnail","7":"category-people","8":"tag-ceremonie-des-cesar","9":"tag-divertissement","10":"tag-entertainment","11":"tag-festival-de-cannes","12":"tag-fr","13":"tag-france","14":"tag-gilets-jaunes","15":"tag-people"},"share_on_mastodon":{"url":"https:\/\/pubeurope.com\/@fr\/115570095314051334","error":""},"_links":{"self":[{"href":"https:\/\/www.europesays.com\/fr\/wp-json\/wp\/v2\/posts\/542225","targetHints":{"allow":["GET"]}}],"collection":[{"href":"https:\/\/www.europesays.com\/fr\/wp-json\/wp\/v2\/posts"}],"about":[{"href":"https:\/\/www.europesays.com\/fr\/wp-json\/wp\/v2\/types\/post"}],"author":[{"embeddable":true,"href":"https:\/\/www.europesays.com\/fr\/wp-json\/wp\/v2\/users\/2"}],"replies":[{"embeddable":true,"href":"https:\/\/www.europesays.com\/fr\/wp-json\/wp\/v2\/comments?post=542225"}],"version-history":[{"count":0,"href":"https:\/\/www.europesays.com\/fr\/wp-json\/wp\/v2\/posts\/542225\/revisions"}],"wp:featuredmedia":[{"embeddable":true,"href":"https:\/\/www.europesays.com\/fr\/wp-json\/wp\/v2\/media\/542226"}],"wp:attachment":[{"href":"https:\/\/www.europesays.com\/fr\/wp-json\/wp\/v2\/media?parent=542225"}],"wp:term":[{"taxonomy":"category","embeddable":true,"href":"https:\/\/www.europesays.com\/fr\/wp-json\/wp\/v2\/categories?post=542225"},{"taxonomy":"post_tag","embeddable":true,"href":"https:\/\/www.europesays.com\/fr\/wp-json\/wp\/v2\/tags?post=542225"}],"curies":[{"name":"wp","href":"https:\/\/api.w.org\/{rel}","templated":true}]}}