{"id":542233,"date":"2025-11-18T09:58:15","date_gmt":"2025-11-18T09:58:15","guid":{"rendered":"https:\/\/www.europesays.com\/fr\/542233\/"},"modified":"2025-11-18T09:58:15","modified_gmt":"2025-11-18T09:58:15","slug":"la-bande-annonce-de-vaiana-en-live-action-est-sortie-et-une-critique-revient-en-masse","status":"publish","type":"post","link":"https:\/\/www.europesays.com\/fr\/542233\/","title":{"rendered":"La bande-annonce de \u00ab\u00a0Vaiana\u00a0\u00bb en live action est sortie, et une critique revient en masse"},"content":{"rendered":"<p>        <img decoding=\"async\" loading=\"lazy\" src=\"https:\/\/www.europesays.com\/fr\/wp-content\/uploads\/2025\/11\/4dd45bf_upload-1-rxw4i0jdcizz-screenshot-2025-11-18-09-22-33.png\"  width=\"728\" height=\"410\" alt=\"Catherine Laga\u2018aia, ici dans l\u2019adaptation en prise de vues r\u00e9elles de \u00ab\u00a0Vaiana\u00a0\u00bb.\"\/>  <\/p>\n<p>Disney<\/p>\n<p>Catherine Laga\u2018aia, ici dans l\u2019adaptation en prise de vues r\u00e9elles de \u00ab\u00a0Vaiana\u00a0\u00bb.<\/p>\n<p>      <strong>EN BREF<\/strong> <strong>\u2022 <\/strong>La bande-annonce de \u00ab\u00a0Vaiana\u00a0\u00bb en live action est sortie, un an apr\u00e8s le succ\u00e8s de \u00ab\u00a0Vaiana 2\u00a0\u00bb.<br \/><strong>\u2022 <\/strong>Elle reste fid\u00e8le au film original, mais la coiffure de l\u2019h\u00e9ro\u00efne a suscit\u00e9 des critiques sur les r\u00e9seaux sociaux.<br \/><strong>\u2022 <\/strong>Le film est attendu pour juillet\u00a02026.                         <\/p>\n<p class=\"asset asset-text\">CIN\u00c9MA &#8211; Vaiana est de retour. Oui, d\u00e9j\u00e0. Un an \u00e0 peine apr\u00e8s le carton sur nos \u00e9crans du <a href=\"https:\/\/www.huffingtonpost.fr\/culture\/article\/dans-vaiana-2-l-heroine-disney-se-montre-moins-temeraire-mais-ne-part-plus-seule-a-l-aventure-clx1_242706.html\" target=\"_blank\" rel=\"noopener\">second volet<\/a> des aventures de <a href=\"https:\/\/www.huffingtonpost.fr\/life\/article\/vaiana-la-nouvelle-heroine-disney-qui-fait-du-bien-aux-petites-filles_89433.html\" target=\"_blank\" rel=\"noopener\">la jeune aventuri\u00e8re<\/a> des eaux du Pacifique, les studios <a href=\"https:\/\/www.huffingtonpost.fr\/culture\/article\/versa-le-nouveau-court-metrage-de-pixar-va-faire-pleurer-tout-le-monde_256184.html\" target=\"_blank\" rel=\"noopener\">Disney<\/a> ont d\u00e9voil\u00e9, ce lundi 17\u00a0novembre, la bande-annonce de l\u2019adaptation en prise de vues r\u00e9elles du film d\u2019animation initial, sorti en 2016.<\/p>\n<p class=\"asset asset-text\">Comme dans Vaiana, la L\u00e9gende du bout du monde, le nouveau blockbuster suit cette m\u00eame ado t\u00e9m\u00e9raire qui, du jour au lendemain, d\u00e9cide de s\u2019aventurer seule dans une myst\u00e9rieuse et bien dangereuse travers\u00e9e de l\u2019oc\u00e9an pour sauver son peuple. Une qu\u00eate dont elle sortira non seulement victorieuse, mais grandie.<\/p>\n<p class=\"asset asset-text\">La bande-annonce n\u2019en dit rien, mais t\u00e9moigne d\u2019une fid\u00e9lit\u00e9 sans nom au long-m\u00e9trage d\u2019origine de John Musker et Ron Clements. L\u2019image de Vaiana, incarn\u00e9e ici par Catherine Laga\u2019aia, devant une vague peut en t\u00e9moigner. Celle des bateaux du peuple de Motonui ou du saut dans le vide de Maui, aussi.<\/p>\n<p class=\"asset asset-text\"><strong>D\u00e9couvrez ci-dessous la bande-annonce\u00a0:<\/strong><\/p>\n<p> La lecture de ce contenu est susceptible d\u2019entra\u00eener un d\u00e9p\u00f4t de cookies de la part de l\u2019op\u00e9rateur tiers qui l\u2019h\u00e9berge. Compte-tenu des choix que vous avez exprim\u00e9s en mati\u00e8re de d\u00e9p\u00f4t de cookies, nous avons bloqu\u00e9 l\u2019affichage de ce contenu. Si vous souhaitez y acc\u00e9der, vous devez accepter la cat\u00e9gorie de cookies \u201cContenus tiers\u201d en cliquant sur le bouton ci-dessous. <\/p>\n<p> Lire la Vid\u00e9o              <\/p>\n<p class=\"asset asset-text\">Et pourtant, un aspect semble avoir toutefois \u00e9chapp\u00e9 \u00e0 ce souci du d\u00e9tail\u00a0: la coiffure de l\u2019h\u00e9ro\u00efne. Les cheveux naturellement boucl\u00e9s \u2013 comme ceux de Vaiana \u2013 de l\u2019actrice de 18\u00a0ans ont \u00e9t\u00e9 liss\u00e9s en partie pour leur donner un aspect simplement ondul\u00e9, comme l\u2019ont d\u00e9plor\u00e9 bien des fans sur les r\u00e9seaux sociaux.<\/p>\n<p> La lecture de ce contenu est susceptible d\u2019entra\u00eener un d\u00e9p\u00f4t de cookies de la part de l\u2019op\u00e9rateur tiers qui l\u2019h\u00e9berge. Compte-tenu des choix que vous avez exprim\u00e9s en mati\u00e8re de d\u00e9p\u00f4t de cookies, nous avons bloqu\u00e9 l\u2019affichage de ce contenu. Si vous souhaitez y acc\u00e9der, vous devez accepter la cat\u00e9gorie de cookies \u201cContenus tiers\u201d en cliquant sur le bouton ci-dessous. <\/p>\n<p> Lire la Vid\u00e9o        Vaiana 2, le raz-de-mar\u00e9e    <\/p>\n<p class=\"asset asset-text\">Un nouveau cas, selon eux, de \u00ab\u00a0whitewashing\u00a0\u00bb. Cette pratique, qu\u2019on pourrait traduire en fran\u00e7ais par l\u2019expression de \u00ab\u00a0blanchiment culturel\u00a0\u00bb, consiste dans certains cas \u00e0 repr\u00e9senter des personnages fictifs ou historiquement non-blancs par des acteurs ou des actrices blanches. Dans d\u2019autres, \u00e0 effacer des aspects physiques pour se rapprocher des normes dites \u00ab\u00a0caucasiennes\u00a0\u00bb.<\/p>\n<p class=\"asset asset-text\">\u00c0 l\u2019heure o\u00f9 nous \u00e9crivons ces lignes, les critiques contre la bande-annonce n\u2019ont pas encore pouss\u00e9 Disney \u00e0 r\u00e9agir, ni m\u00eame \u00e0 prendre des mesures. Son adaptation de Vaiana est attendue sur nos \u00e9crans au mois de juillet\u00a02026.<\/p>\n<p class=\"asset asset-text\">C\u2019est ce qu\u2019on appelle battre le fer tant qu\u2019il est encore chaud. Sorti dans les salles obscures en novembre\u00a02024, Vaiana 2\u00a0a fait l\u2019effet d\u2019un raz-de-mar\u00e9e en France, o\u00f9 il a r\u00e9uni plus de 8\u00a0millions de spectateurs, et dans le reste du monde. La suite du film d\u2019animation sorti il y a de \u00e7a dix ans a d\u00e9pass\u00e9 la barre symbolique du milliard de dollars de recettes.<\/p>\n","protected":false},"excerpt":{"rendered":"Disney Catherine Laga\u2018aia, ici dans l\u2019adaptation en prise de vues r\u00e9elles de \u00ab\u00a0Vaiana\u00a0\u00bb. EN BREF \u2022 La bande-annonce&hellip;\n","protected":false},"author":2,"featured_media":542234,"comment_status":"","ping_status":"","sticky":false,"template":"","format":"standard","meta":{"footnotes":""},"categories":[1354],"tags":[650,251,520,58,59,1346,1011,27,1360],"class_list":{"0":"post-542233","1":"post","2":"type-post","3":"status-publish","4":"format-standard","5":"has-post-thumbnail","7":"category-films","8":"tag-cinema","9":"tag-culture","10":"tag-disney","11":"tag-divertissement","12":"tag-entertainment","13":"tag-films","14":"tag-fr","15":"tag-france","16":"tag-movies"},"share_on_mastodon":{"url":"https:\/\/pubeurope.com\/@fr\/115570115751226349","error":""},"_links":{"self":[{"href":"https:\/\/www.europesays.com\/fr\/wp-json\/wp\/v2\/posts\/542233","targetHints":{"allow":["GET"]}}],"collection":[{"href":"https:\/\/www.europesays.com\/fr\/wp-json\/wp\/v2\/posts"}],"about":[{"href":"https:\/\/www.europesays.com\/fr\/wp-json\/wp\/v2\/types\/post"}],"author":[{"embeddable":true,"href":"https:\/\/www.europesays.com\/fr\/wp-json\/wp\/v2\/users\/2"}],"replies":[{"embeddable":true,"href":"https:\/\/www.europesays.com\/fr\/wp-json\/wp\/v2\/comments?post=542233"}],"version-history":[{"count":0,"href":"https:\/\/www.europesays.com\/fr\/wp-json\/wp\/v2\/posts\/542233\/revisions"}],"wp:featuredmedia":[{"embeddable":true,"href":"https:\/\/www.europesays.com\/fr\/wp-json\/wp\/v2\/media\/542234"}],"wp:attachment":[{"href":"https:\/\/www.europesays.com\/fr\/wp-json\/wp\/v2\/media?parent=542233"}],"wp:term":[{"taxonomy":"category","embeddable":true,"href":"https:\/\/www.europesays.com\/fr\/wp-json\/wp\/v2\/categories?post=542233"},{"taxonomy":"post_tag","embeddable":true,"href":"https:\/\/www.europesays.com\/fr\/wp-json\/wp\/v2\/tags?post=542233"}],"curies":[{"name":"wp","href":"https:\/\/api.w.org\/{rel}","templated":true}]}}