{"id":542241,"date":"2025-11-18T10:03:12","date_gmt":"2025-11-18T10:03:12","guid":{"rendered":"https:\/\/www.europesays.com\/fr\/542241\/"},"modified":"2025-11-18T10:03:12","modified_gmt":"2025-11-18T10:03:12","slug":"cest-historique-commande-record-de-150-airbus-a321neo-pour-flydubai","status":"publish","type":"post","link":"https:\/\/www.europesays.com\/fr\/542241\/","title":{"rendered":"C&rsquo;est historique, commande record de 150 Airbus A321neo pour Flydubai"},"content":{"rendered":"<p><strong>Flydubai a sign\u00e9 un protocole d\u2019accord historique pour 150 Airbus A321neo<\/strong>, marquant l\u2019entr\u00e9e officielle de la compagnie au sein du portefeuille clients d\u2019Airbus. C\u2019est une \u00e9volution qui d\u00e9passe l\u2019achat d\u2019avions : elle raconte la transformation d\u2019un \u00e9cosyst\u00e8me a\u00e9ronautique port\u00e9 par l\u2019ambition de Duba\u00ef.<\/p>\n<p><strong>Une nouvelle \u00e9tape pour l\u2019essor du hub de Duba\u00ef<\/strong><\/p>\n<p>Le protocole d\u2019accord a \u00e9t\u00e9 sign\u00e9 par <strong>Son Altesse le Cheikh Ahmed ben Saeed Al Maktoum<\/strong>, Pr\u00e9sident de flydubai, aux c\u00f4t\u00e9s de <strong>Christian Scherer<\/strong>, CEO Commercial Aircraft d\u2019Airbus.<br \/>Cet engagement refl\u00e8te la confiance du transporteur dans les <strong>perspectives de croissance de l\u2019\u00e9mirat<\/strong>, mais aussi sa volont\u00e9 d\u2019accompagner le d\u00e9veloppement du <strong>Dubai World Central<\/strong>, appel\u00e9 \u00e0 devenir l\u2019a\u00e9roport le plus vaste au monde.<\/p>\n<p>Cette commande vient \u00e9largir la flotte monocouloir de la compagnie et lui ouvre des possibilit\u00e9s nouvelles dans sa strat\u00e9gie d\u2019expansion.<br \/><strong>Chaque appareil A321neo permettra d\u2019\u00e9tendre le r\u00e9seau<\/strong>, non seulement en multipliant les destinations, mais aussi en assurant davantage d\u2019efficacit\u00e9 op\u00e9rationnelle.<\/p>\n<p><strong>Pourquoi l\u2019A321neo change l\u2019\u00e9quation<\/strong><\/p>\n<p>L\u2019A321neo appartient \u00e0 la famille A320neo, reconnue pour ses technologies de derni\u00e8re g\u00e9n\u00e9ration.<br \/>Vous retrouverez dans cet appareil :<\/p>\n<ul>\n<li><strong>Des moteurs nouvelle g\u00e9n\u00e9ration<\/strong> am\u00e9liorant la consommation.<\/li>\n<li><strong>Des Sharklets<\/strong> r\u00e9duisant la tra\u00een\u00e9e et renfor\u00e7ant l\u2019a\u00e9rodynamique.<\/li>\n<li><strong>Des am\u00e9nagements cabine optimis\u00e9s<\/strong> pour augmenter la capacit\u00e9 sans sacrifier le confort.<\/li>\n<\/ul>\n<p><strong>L\u2019ensemble offre plus de 20 % d\u2019\u00e9conomies de carburant et de r\u00e9duction de CO\u2082<\/strong> par rapport aux monocouloirs d\u2019ancienne g\u00e9n\u00e9ration.<br \/>C\u2019est un gain mesurable qui vient r\u00e9sonner avec les ambitions environnementales d\u2019Airbus : tous les appareils de la famille A320 sont d\u00e9j\u00e0 compatibles avec un m\u00e9lange incluant jusqu\u2019\u00e0 50 % de carburant d\u2019aviation durable (SAF), avec un objectif de 100 % d\u2019ici 2030.<\/p>\n<p><strong>Un signal fort pour la r\u00e9gion<\/strong><\/p>\n<p>Christian Scherer n\u2019a pas manqu\u00e9 de saluer l\u2019arriv\u00e9e de flydubai dans la famille Airbus en \u00e9voquant un transporteur <strong>ambitieux et en pleine expansion<\/strong>.<br \/>Cette commande illustre la dynamique r\u00e9gionale : au Moyen-Orient, la concurrence entre hubs stimule les compagnies \u00e0 investir dans des appareils offrant une combinaison performante de rayon d\u2019action, d\u2019efficacit\u00e9 \u00e9nerg\u00e9tique et d\u2019exp\u00e9rience passager.<\/p>\n<p>Aujourd\u2019hui, <strong>plus de 7 200 A321neo<\/strong> ont \u00e9t\u00e9 command\u00e9s dans le monde par pr\u00e8s de cent clients. L\u2019entr\u00e9e de flydubai dans cette communaut\u00e9 vient confirmer la place du mod\u00e8le comme r\u00e9f\u00e9rence dans le segment monocouloir.<\/p>\n<p><strong>Un choix qui r\u00e9pond \u00e0 la demande croissante des passagers<\/strong><\/p>\n<p>Selon flydubai, l\u2019arriv\u00e9e de l\u2019A321neo correspond \u00e0 une nouvelle phase de d\u00e9veloppement de son r\u00e9seau. Pour vous, voyageurs, cela signifie :<\/p>\n<ul>\n<li><strong>L\u2019ouverture de nouvelles destinations<\/strong> auparavant inaccessibles avec des monocouloirs traditionnels.<\/li>\n<li><strong>Des vols plus performants<\/strong>, adapt\u00e9s \u00e0 une demande en hausse sur plusieurs march\u00e9s.<\/li>\n<li><strong>Un confort cabine am\u00e9lior\u00e9<\/strong>, directement li\u00e9 aux optimisations introduites par Airbus.<\/li>\n<\/ul>\n<p>Le transporteur entend ainsi renforcer son r\u00f4le dans le paysage a\u00e9rien r\u00e9gional, tout en anticipant l\u2019\u00e9volution naturelle des flux vers Duba\u00ef.<\/p>\n<p><strong>Un accord qui s\u2019inscrit dans les ambitions de l\u2019\u00e9mirat<\/strong><\/p>\n<p>Son Altesse le Cheikh Ahmed ben Saeed Al Maktoum a soulign\u00e9 l\u2019alignement de cet accord avec la <strong>Dubai Economic Agenda D33<\/strong>, feuille de route visant \u00e0 positionner Duba\u00ef parmi les trois premi\u00e8res villes \u00e9conomiques mondiales.<br \/>Le d\u00e9veloppement de flydubai, soutenu par une flotte renouvel\u00e9e, constitue l\u2019un des leviers de cette strat\u00e9gie.<\/p>\n<p>Comme l\u2019a exprim\u00e9 la compagnie, il ne s\u2019agit pas uniquement <strong>d\u2019ajouter des avions<\/strong>, mais d\u2019ancrer une vision : Celle d\u2019un r\u00e9seau \u00e9largi, d\u2019un hub renforc\u00e9, et d\u2019une croissance assum\u00e9e, port\u00e9e par une flotte plus performante.<\/p>\n","protected":false},"excerpt":{"rendered":"Flydubai a sign\u00e9 un protocole d\u2019accord historique pour 150 Airbus A321neo, marquant l\u2019entr\u00e9e officielle de la compagnie au&hellip;\n","protected":false},"author":2,"featured_media":542242,"comment_status":"","ping_status":"","sticky":false,"template":"","format":"standard","meta":{"footnotes":""},"categories":[6],"tags":[36,37,35,33,34,1011,27],"class_list":{"0":"post-542241","1":"post","2":"type-post","3":"status-publish","4":"format-standard","5":"has-post-thumbnail","7":"category-economie","8":"tag-airbus","9":"tag-avion","10":"tag-business","11":"tag-economie","12":"tag-economy","13":"tag-fr","14":"tag-france"},"share_on_mastodon":{"url":"https:\/\/pubeurope.com\/@fr\/115570134547774185","error":""},"_links":{"self":[{"href":"https:\/\/www.europesays.com\/fr\/wp-json\/wp\/v2\/posts\/542241","targetHints":{"allow":["GET"]}}],"collection":[{"href":"https:\/\/www.europesays.com\/fr\/wp-json\/wp\/v2\/posts"}],"about":[{"href":"https:\/\/www.europesays.com\/fr\/wp-json\/wp\/v2\/types\/post"}],"author":[{"embeddable":true,"href":"https:\/\/www.europesays.com\/fr\/wp-json\/wp\/v2\/users\/2"}],"replies":[{"embeddable":true,"href":"https:\/\/www.europesays.com\/fr\/wp-json\/wp\/v2\/comments?post=542241"}],"version-history":[{"count":0,"href":"https:\/\/www.europesays.com\/fr\/wp-json\/wp\/v2\/posts\/542241\/revisions"}],"wp:featuredmedia":[{"embeddable":true,"href":"https:\/\/www.europesays.com\/fr\/wp-json\/wp\/v2\/media\/542242"}],"wp:attachment":[{"href":"https:\/\/www.europesays.com\/fr\/wp-json\/wp\/v2\/media?parent=542241"}],"wp:term":[{"taxonomy":"category","embeddable":true,"href":"https:\/\/www.europesays.com\/fr\/wp-json\/wp\/v2\/categories?post=542241"},{"taxonomy":"post_tag","embeddable":true,"href":"https:\/\/www.europesays.com\/fr\/wp-json\/wp\/v2\/tags?post=542241"}],"curies":[{"name":"wp","href":"https:\/\/api.w.org\/{rel}","templated":true}]}}