{"id":542252,"date":"2025-11-18T10:11:25","date_gmt":"2025-11-18T10:11:25","guid":{"rendered":"https:\/\/www.europesays.com\/fr\/542252\/"},"modified":"2025-11-18T10:11:25","modified_gmt":"2025-11-18T10:11:25","slug":"neuves-maisons-agenda-spectacle-petit-detail","status":"publish","type":"post","link":"https:\/\/www.europesays.com\/fr\/542252\/","title":{"rendered":"NEUVES-MAISONS > AGENDA > SPECTACLE > Petit D\u00e9tail"},"content":{"rendered":"<p><strong>\u201cPetit D\u00e9tail\u201d : un spectacle marionnettique po\u00e9tique \u00e0 Neuves-Maisons \u2013 \u00e0 ne pas manquer en famille !<\/strong><\/p>\n<p class=\"has-medium-font-size\">Une parenth\u00e8se pleine de douceur et de couleur attend les enfants (d\u00e8s 3 ans) et leurs familles le\u00a0<strong>mercredi 3 d\u00e9cembre \u00e0 15h<\/strong>, au\u00a0<strong>Centre Culturel Jean L\u2019H\u00f4te<\/strong>\u00a0de Neuves-Maisons. \u00c0 l\u2019affiche :\u00a0Petit D\u00e9tail, un spectacle de marionnettes d\u00e9licat, inspir\u00e9 du livre jeunesse d\u2019Albertine et Germano Zullo.<\/p>\n<p class=\"has-medium-font-size\">Sur sc\u00e8ne, un camion rouge traversant un d\u00e9sert dor\u00e9, un ciel azur qui s\u2019\u00e9tire \u00e0 l\u2019infini, et surtout\u2026 un petit oiseau noir, timide, qui n\u2019ose pas s\u2019envoler avec les autres. Heureusement, un dr\u00f4le de conducteur au grand c\u0153ur va tout tenter pour l\u2019aider \u00e0 prendre son envol. Une histoire simple et universelle, port\u00e9e avec \u00e9motion par deux com\u00e9diens et leurs marionnettes.<\/p>\n<p class=\"has-medium-font-size\">M\u00ealant po\u00e9sie, humour et finesse,\u00a0<strong>\u201cPetit D\u00e9tail\u201d parle avec douceur de l\u2019amiti\u00e9, de la diff\u00e9rence et de ces petits moments de vie o\u00f9 tout peut basculer<\/strong>. Ces instants discrets, ces choix minuscules qui changent une existence.<\/p>\n<p><a href=\"https:\/\/www.info-lux.com\/wp-content\/uploads\/2025\/11\/RougesLesAnges-petit-detail-1-scaled.jpg\" target=\"_blank\" rel=\"noopener\"><img loading=\"lazy\" decoding=\"async\" width=\"1024\" height=\"683\" src=\"https:\/\/www.europesays.com\/fr\/wp-content\/uploads\/2025\/11\/RougesLesAnges-petit-detail-1-1024x683.jpg\" alt=\"\" class=\"wp-image-1524169\"\/><\/a>NEUVES-MAISONS &gt; AGENDA &gt; SPECTACLE &gt; Petit D\u00e9tail<\/p>\n<p class=\"has-medium-font-size\">La D\u00e9p\u00eache en parle avec tendresse :<\/p>\n<blockquote class=\"wp-block-quote is-layout-flow wp-block-quote-is-layout-flow\">\n<p>\u201cC\u2019est un spectacle po\u00e9tique qui \u00e9voque ces moments pivots semblant infimes et sur lesquels, pourtant, peuvent se jouer une vie.\u201d<\/p>\n<\/blockquote>\n<p class=\"has-medium-font-size\">Ce conte visuel plein de sensibilit\u00e9 embarque les enfants mais aussi les adultes dans un monde onirique, o\u00f9 chaque geste compte, et o\u00f9 un simple battement d\u2019aile peut tout changer.<\/p>\n<p><strong>\ud83d\udc26\u00a0<\/strong><\/p>\n<p><strong>Informations pratiques<\/strong><\/p>\n<p class=\"has-medium-font-size\"><strong>\ud83d\udccd Centre Culturel Jean L\u2019H\u00f4te<\/strong><\/p>\n<p class=\"has-medium-font-size\">Place Poirson \u2013 54230 Neuves-Maisons<\/p>\n<p class=\"has-medium-font-size\"><strong>\ud83d\udcc5 Mercredi 3 d\u00e9cembre \u00e0 15h<\/strong><\/p>\n<p class=\"has-medium-font-size\">\ud83c\udfad Spectacle de marionnettes \u2013 \u00c0 partir de 3 ans<\/p>\n<p class=\"has-medium-font-size\">\u23f1 Dur\u00e9e : 35 minutes<\/p>\n<p class=\"has-medium-font-size\">\ud83d\udcb6 Tarif unique : 7\u20ac<\/p>\n<p class=\"has-medium-font-size\">\ud83c\udf9f\u00a0<strong>Infos et r\u00e9servations<\/strong>\u00a0:<\/p>\n<p class=\"has-medium-font-size\">\ud83d\udcde 03 83 47 59 57<\/p>\n<p class=\"has-medium-font-size\">\ud83d\udce9 ccjlh@orange.fr<\/p>\n<p class=\"has-medium-font-size\">\ud83c\udf10 www.centrecultureljeanlhote.com<\/p>\n<p class=\"has-medium-font-size\">\ud83d\udd59\u00a0<strong>Billetterie ouverte<\/strong>\u00a0(hors vacances et jours f\u00e9ri\u00e9s) du mardi au vendredi :<\/p>\n<p class=\"has-medium-font-size\">10h-12h et 14h-16h<\/p>\n<p class=\"has-medium-font-size\">Un tr\u00e8s joli moment \u00e0 partager en famille, au c\u0153ur de l\u2019hiver\u2026 \ud83c\udf1f<\/p>\n<p class=\"has-medium-font-size\"><strong>Faites vite : le petit oiseau n\u2019attend que vous pour prendre son envol !<\/strong><\/p>\n<p>NEUVES-MAISONS &gt; AGENDA &gt; SPECTACLE &gt; Petit D\u00e9tail &gt; PHOTOS<\/p>\n<p><a href=\"https:\/\/www.info-lux.com\/wp-content\/uploads\/2025\/11\/RougesLesAnges-petit-detail-1-scaled.jpg\" target=\"_blank\" rel=\"noopener\"><img loading=\"lazy\" decoding=\"async\" width=\"1024\" height=\"683\" data-id=\"1524169\" src=\"https:\/\/www.europesays.com\/fr\/wp-content\/uploads\/2025\/11\/RougesLesAnges-petit-detail-1-1024x683.jpg\" alt=\"\" class=\"wp-image-1524169\"\/><\/a><\/p>\n<p><a href=\"https:\/\/www.info-lux.com\/wp-content\/uploads\/2025\/11\/RougesLesAnges-petit-detail-3-scaled.jpg\" target=\"_blank\" rel=\"noopener\"><img loading=\"lazy\" decoding=\"async\" width=\"1024\" height=\"683\" data-id=\"1524170\" src=\"https:\/\/www.europesays.com\/fr\/wp-content\/uploads\/2025\/11\/RougesLesAnges-petit-detail-3-1024x683.jpg\" alt=\"\" class=\"wp-image-1524170\"\/><\/a><\/p>\n<p><a href=\"https:\/\/www.info-lux.com\/wp-content\/uploads\/2025\/11\/RougesLesAnges-petit-detail-4-scaled.jpg\" target=\"_blank\" rel=\"noopener\"><img loading=\"lazy\" decoding=\"async\" width=\"1024\" height=\"683\" data-id=\"1524171\" src=\"https:\/\/www.europesays.com\/fr\/wp-content\/uploads\/2025\/11\/RougesLesAnges-petit-detail-4-1024x683.jpg\" alt=\"\" class=\"wp-image-1524171\"\/><\/a><\/p>\n<p><a href=\"https:\/\/www.info-lux.com\/wp-content\/uploads\/2025\/11\/RougesLesAnges-petit-detail-5-scaled.jpg\" target=\"_blank\" rel=\"noopener\"><img loading=\"lazy\" decoding=\"async\" width=\"683\" height=\"1024\" data-id=\"1524172\" src=\"https:\/\/www.europesays.com\/fr\/wp-content\/uploads\/2025\/11\/RougesLesAnges-petit-detail-5-683x1024.jpg\" alt=\"\" class=\"wp-image-1524172\"\/><\/a><br \/>\nNEUVES-MAISONS &gt; AGENDA &gt; SPECTACLE &gt; Petit D\u00e9tail<\/p>\n<ul class=\"wp-block-latest-posts__list is-grid columns-3 wp-block-latest-posts\">\n<li><a href=\"https:\/\/www.info-lux.com\/georges-alain-nouvelle-tournee\/actualites\/\" aria-label=\"Georges-Alain &gt; Nouvelle tourn\u00e9e\" target=\"_blank\" rel=\"noopener\"><img loading=\"lazy\" decoding=\"async\" width=\"150\" height=\"150\" src=\"https:\/\/www.europesays.com\/fr\/wp-content\/uploads\/2025\/11\/unnamed-2-2-150x150.jpg\" class=\"attachment-thumbnail size-thumbnail wp-post-image\" alt=\"\" style=\"\"\/><\/a><a class=\"wp-block-latest-posts__post-title\" href=\"https:\/\/www.info-lux.com\/georges-alain-nouvelle-tournee\/actualites\/\" target=\"_blank\" rel=\"noopener\">Georges-Alain &gt; Nouvelle tourn\u00e9e<\/a>\n<p>GEORGES-ALAIN REVIENT SUR LE DEVANT DE LA SC\u00c8NE AVEC UNE NOUVELLE TOURN\u00c9E QUI S\u2019ANNONCE INTENSE ET \u00c9MOUVANTE<\/p>\n<\/li>\n<li><a href=\"https:\/\/www.info-lux.com\/fckne-info\/actualites\/\" aria-label=\"BRUXELLES &gt; FCKNYE &gt; INFOS\" target=\"_blank\" rel=\"noopener\"><img loading=\"lazy\" decoding=\"async\" width=\"150\" height=\"150\" src=\"https:\/\/www.europesays.com\/fr\/wp-content\/uploads\/2025\/11\/1759226980382-150x150.jpeg\" class=\"attachment-thumbnail size-thumbnail wp-post-image\" alt=\"\" style=\"\"\/><\/a><a class=\"wp-block-latest-posts__post-title\" href=\"https:\/\/www.info-lux.com\/fckne-info\/actualites\/\" target=\"_blank\" rel=\"noopener\">BRUXELLES &gt; FCKNYE &gt; INFOS<\/a>FCKNYE Festival 2025 : l\u2019\u00e9v\u00e9nement incontournable du Nouvel An revient \u00e0 Bruxelles Du 30 d\u00e9cembre 2025 au 1er janvier 2026, le FCKNYE Festival s\u2019empare une nouvelle fois de Brussels Expo,\u2026 <a class=\"wp-block-latest-posts__read-more\" href=\"https:\/\/www.info-lux.com\/fckne-info\/actualites\/\" rel=\"noopener noreferrer\" target=\"_blank\">Lire la suite\u00a0: BRUXELLES &gt; FCKNYE &gt; INFOS<\/a><\/li>\n<li><a href=\"https:\/\/www.info-lux.com\/arlon-choeur-en-resonance\/activite-a-faire-en\/\" aria-label=\"Arlon &gt; Choeur &gt; En r\u00e9sonance\" target=\"_blank\" rel=\"noopener\"><img loading=\"lazy\" decoding=\"async\" width=\"150\" height=\"150\" src=\"https:\/\/www.europesays.com\/fr\/wp-content\/uploads\/2025\/11\/kol3-150x150.jpg\" class=\"attachment-thumbnail size-thumbnail wp-post-image\" alt=\"\" style=\"\"\/><\/a><a class=\"wp-block-latest-posts__post-title\" href=\"https:\/\/www.info-lux.com\/arlon-choeur-en-resonance\/activite-a-faire-en\/\" target=\"_blank\" rel=\"noopener\">Arlon &gt; Choeur &gt; En r\u00e9sonance<\/a>\n<p>ARLON, LE CHOEUR  \u201cEN R\u00c9SONANCE\u201d CR\u00c9E UNE RENCONTRE MUSICALE HUMAINE ET INSPIRANTE<\/p>\n<\/li>\n<li><a href=\"https:\/\/www.info-lux.com\/terville-concert-greg-zlap\/themes\/\" aria-label=\"TERVILLE &gt; CONCERT &gt; GREG ZLAP\" target=\"_blank\" rel=\"noopener\"><img loading=\"lazy\" decoding=\"async\" width=\"150\" height=\"150\" src=\"https:\/\/www.europesays.com\/fr\/wp-content\/uploads\/2025\/11\/IMG_5740-150x150.jpeg\" class=\"attachment-thumbnail size-thumbnail wp-post-image\" alt=\"\" style=\"\"\/><\/a><a class=\"wp-block-latest-posts__post-title\" href=\"https:\/\/www.info-lux.com\/terville-concert-greg-zlap\/themes\/\" target=\"_blank\" rel=\"noopener\">TERVILLE &gt; CONCERT &gt; GREG ZLAP<\/a>Greg Zlap a enflamm\u00e9 le 112 de Terville Le 7 novembre 2025, le 112 de Terville a vibr\u00e9 au son de l\u2019harmonica pour une avant-premi\u00e8re exceptionnelle : celle du nouveau\u2026 <a class=\"wp-block-latest-posts__read-more\" href=\"https:\/\/www.info-lux.com\/terville-concert-greg-zlap\/themes\/\" rel=\"noopener noreferrer\" target=\"_blank\">Lire la suite\u00a0: TERVILLE &gt; CONCERT &gt; GREG ZLAP<\/a><\/li>\n<li><a href=\"https:\/\/www.info-lux.com\/spectacle-cyrano-de-bergerac\/actualites\/\" aria-label=\"Spectacle &gt; Cyrano de Bergerac\" target=\"_blank\" rel=\"noopener\"><img loading=\"lazy\" decoding=\"async\" width=\"150\" height=\"150\" src=\"https:\/\/www.europesays.com\/fr\/wp-content\/uploads\/2025\/11\/Spectacle-Cyrano-de-Bergerac-003-150x150.jpg\" class=\"attachment-thumbnail size-thumbnail wp-post-image\" alt=\"\" style=\"\"\/><\/a><a class=\"wp-block-latest-posts__post-title\" href=\"https:\/\/www.info-lux.com\/spectacle-cyrano-de-bergerac\/actualites\/\" target=\"_blank\" rel=\"noopener\">Spectacle &gt; Cyrano de Bergerac<\/a>\n<p>LA COMEDIE MUSICALE CYRANO DE BERGERAC, UN SPECTACLE QUI REVELE UNE VERSION MODERNE, \u00c9MOUVANTE ET AUDACIEUSE DU CHEF-D\u2019\u0152UVRE D\u2019EDMOND ROSTAND<\/p>\n<\/li>\n<li><a href=\"https:\/\/www.info-lux.com\/spa-francofolies-helena\/festival-2\/\" aria-label=\"Spa &gt; Francofolies &gt; Helena\" target=\"_blank\" rel=\"noopener\"><img loading=\"lazy\" decoding=\"async\" width=\"150\" height=\"150\" src=\"https:\/\/www.europesays.com\/fr\/wp-content\/uploads\/2025\/11\/Helena-35-150x150.jpg\" class=\"attachment-thumbnail size-thumbnail wp-post-image\" alt=\"\" style=\"\"\/><\/a><a class=\"wp-block-latest-posts__post-title\" href=\"https:\/\/www.info-lux.com\/spa-francofolies-helena\/festival-2\/\" target=\"_blank\" rel=\"noopener\">Spa &gt; Francofolies &gt; Helena<\/a>\n<p>SPA FRANCOFOLIES HELENA REVIENT AVEC UN CONCERT QUI PROMET UNE SOIR\u00c9E M\u00c9MORABLE<\/p>\n<\/li>\n<li><a href=\"https:\/\/www.info-lux.com\/bruxelles-sam-sauvage-concert\/activite-a-faire-en\/agenda\/\" aria-label=\"Bruxelles &gt; Sam Sauvage &gt; Concert\" target=\"_blank\" rel=\"noopener\"><img loading=\"lazy\" decoding=\"async\" width=\"150\" height=\"150\" src=\"https:\/\/www.europesays.com\/fr\/wp-content\/uploads\/2025\/11\/578245183_1421457123315558_3751835377513829265_n-150x150.jpg\" class=\"attachment-thumbnail size-thumbnail wp-post-image\" alt=\"\" style=\"\"\/><\/a><a class=\"wp-block-latest-posts__post-title\" href=\"https:\/\/www.info-lux.com\/bruxelles-sam-sauvage-concert\/activite-a-faire-en\/agenda\/\" target=\"_blank\" rel=\"noopener\">Bruxelles &gt; Sam Sauvage &gt; Concert<\/a>\n<p>BRUXELLES, SAM SAUVAGE: UN CONCERT ET UNE TOURNEE QUI S\u2019ANNONCE MEMORABLE<\/p>\n<\/li>\n<li><a href=\"https:\/\/www.info-lux.com\/bruxelles-concert-amateurs\/themes\/cultures\/concerts\/agenda-concert\/\" aria-label=\"Bruxelles &gt; Concert &gt; Amateurs\" target=\"_blank\" rel=\"noopener\"><img loading=\"lazy\" decoding=\"async\" width=\"150\" height=\"150\" src=\"https:\/\/www.europesays.com\/fr\/wp-content\/uploads\/2025\/11\/4242c90f66e005663a22cf3cacec35f52bc8c1c9-1-150x150.jpg\" class=\"attachment-thumbnail size-thumbnail wp-post-image\" alt=\"\" style=\"\"\/><\/a><a class=\"wp-block-latest-posts__post-title\" href=\"https:\/\/www.info-lux.com\/bruxelles-concert-amateurs\/themes\/cultures\/concerts\/agenda-concert\/\" target=\"_blank\" rel=\"noopener\">Bruxelles &gt; Concert &gt; Amateurs<\/a>\n<p>BRUXELLES, LES AMATEURS ENVO\u00dbTENT PAR UN VOYAGE MUSICAL INTIME ET PLAN\u00c9TAIRE QUI R\u00c9UNIT LANGUES, \u00c9MOTIONS ET CULTURES DANS UNE SOIR\u00c9E UNIQUE<\/p>\n<\/li>\n<li><a href=\"https:\/\/www.info-lux.com\/bruxelles-concert-bollywood-india\/activite-a-faire-en\/agenda\/agenda-concerts\/\" aria-label=\"Bruxelles &gt; Concert &gt; Bollywood India\" target=\"_blank\" rel=\"noopener\"><img loading=\"lazy\" decoding=\"async\" width=\"150\" height=\"150\" src=\"https:\/\/www.europesays.com\/fr\/wp-content\/uploads\/2025\/11\/BOLI-150x150.jpg\" class=\"attachment-thumbnail size-thumbnail wp-post-image\" alt=\"\" style=\"\"\/><\/a><a class=\"wp-block-latest-posts__post-title\" href=\"https:\/\/www.info-lux.com\/bruxelles-concert-bollywood-india\/activite-a-faire-en\/agenda\/agenda-concerts\/\" target=\"_blank\" rel=\"noopener\">Bruxelles &gt; Concert &gt; Bollywood India<\/a>\n<p>BRUXELLES LE CONCERT BOLLYWOOD INDIA S\u2019ANNONCE COMME UN MOMENT MUSICAL UNIQUE M\u00caLANT M\u00c9LODIES CLASSIQUES INDIENNES, \u00c9MOTIONS ET VOYAGE CULTUREL AU C\u0152UR DE BOLLYWOOD<\/p>\n<\/li>\n<li><a href=\"https:\/\/www.info-lux.com\/bruxelles-ozark-henry-concert\/actualites\/\" aria-label=\"Bruxelles &gt; Ozark Henry &gt; Concert\" target=\"_blank\" rel=\"noopener\"><img loading=\"lazy\" decoding=\"async\" width=\"150\" height=\"150\" src=\"https:\/\/www.europesays.com\/fr\/wp-content\/uploads\/2025\/11\/1754541043896-62685e375426cb9220da1a9b980e397174d59bf8-150x150.jpg\" class=\"attachment-thumbnail size-thumbnail wp-post-image\" alt=\"\" style=\"\"\/><\/a><a class=\"wp-block-latest-posts__post-title\" href=\"https:\/\/www.info-lux.com\/bruxelles-ozark-henry-concert\/actualites\/\" target=\"_blank\" rel=\"noopener\">Bruxelles &gt; Ozark Henry &gt; Concert<\/a>\n<p>BRUXELLES, OZARK HENRY EN CONCERT, UN MOMENT MUSICAL EXCEPTIONNEL AU CIRQUE ROYAL AVEC LA PR\u00c9SENTATION D\u2019AUGUST PARKER<\/p>\n<\/li>\n<li><a href=\"https:\/\/www.info-lux.com\/bruxelles-m-pokora-concert\/actualites\/\" aria-label=\"Bruxelles &gt; M Pokora &gt; Concert\" target=\"_blank\" rel=\"noopener\"><img loading=\"lazy\" decoding=\"async\" width=\"150\" height=\"150\" src=\"https:\/\/www.europesays.com\/fr\/wp-content\/uploads\/2025\/11\/matt-150x150.jpg\" class=\"attachment-thumbnail size-thumbnail wp-post-image\" alt=\"\" style=\"\"\/><\/a><a class=\"wp-block-latest-posts__post-title\" href=\"https:\/\/www.info-lux.com\/bruxelles-m-pokora-concert\/actualites\/\" target=\"_blank\" rel=\"noopener\">Bruxelles &gt; M Pokora &gt; Concert<\/a>\n<p>\u00c0 Bruxelles, M. Pokora propose une nouvelles date annonc\u00e9e comme l\u2019un des moments forts \u00e0 Forest National.<\/p>\n<\/li>\n<li><a href=\"https:\/\/www.info-lux.com\/dijon-concert-helena\/actualite\/\" aria-label=\"DIJON &gt; CONCERT &gt; HELENA\" target=\"_blank\" rel=\"noopener\"><img loading=\"lazy\" decoding=\"async\" width=\"150\" height=\"150\" src=\"https:\/\/www.europesays.com\/fr\/wp-content\/uploads\/2025\/11\/Helena-12-150x150.jpg\" class=\"attachment-thumbnail size-thumbnail wp-post-image\" alt=\"\" style=\"\"\/><\/a><a class=\"wp-block-latest-posts__post-title\" href=\"https:\/\/www.info-lux.com\/dijon-concert-helena\/actualite\/\" target=\"_blank\" rel=\"noopener\">DIJON &gt; CONCERT &gt; HELENA<\/a>Le Z\u00e9nith de Dijon vibrait samedi 8 novembre pour une soir\u00e9e tr\u00e8s attendue : le concert d\u2019H\u00e9l\u00e9na, qui venait y pr\u00e9senter son nouveau show remani\u00e9 suite \u00e0 son d\u00e9but de\u2026 <a class=\"wp-block-latest-posts__read-more\" href=\"https:\/\/www.info-lux.com\/dijon-concert-helena\/actualite\/\" rel=\"noopener noreferrer\" target=\"_blank\">Lire la suite\u00a0: DIJON &gt; CONCERT &gt; HELENA<\/a><\/li>\n<\/ul>\n","protected":false},"excerpt":{"rendered":"\u201cPetit D\u00e9tail\u201d : un spectacle marionnettique po\u00e9tique \u00e0 Neuves-Maisons \u2013 \u00e0 ne pas manquer en famille ! Une&hellip;\n","protected":false},"author":2,"featured_media":542253,"comment_status":"","ping_status":"","sticky":false,"template":"","format":"standard","meta":{"footnotes":""},"categories":[9635],"tags":[66051,1111,11,66052,66053,66054,1777,674,66055,1011,27,775,1702,66056,12,66057,25,66058,66059,66060,66061,66062,66063,66064,66065,66066,66067,66068,66069],"class_list":{"0":"post-542252","1":"post","2":"type-post","3":"status-publish","4":"format-standard","5":"has-post-thumbnail","7":"category-nancy","8":"tag-activites-enfants-region-nancy","9":"tag-actu","10":"tag-actualites","11":"tag-albertine-et-germano-zullo","12":"tag-centre-culturel-54230","13":"tag-centre-culturel-jean-lhote","14":"tag-eu","15":"tag-europe","16":"tag-eveil-culturel-enfants","17":"tag-fr","18":"tag-france","19":"tag-grand-est","20":"tag-nancy","21":"tag-neuves-maisons-evenement","22":"tag-news","23":"tag-petit-detail","24":"tag-republique-francaise","25":"tag-sortie-famille-lorraine","26":"tag-spectacle-famille-3-ans","27":"tag-spectacle-jeune-public-2025","28":"tag-spectacle-marionnette-2025","29":"tag-spectacle-marionnettes-enfants","30":"tag-spectacle-marionnettes-france","31":"tag-spectacle-poetique-jeune-public","32":"tag-spectacle-pour-enfants-neuves-maisons","33":"tag-spectacle-pour-petit-enfant","34":"tag-theatre-jeune-public","35":"tag-theatre-marionnette-poetique","36":"tag-theatre-pour-enfants-decembre"},"share_on_mastodon":{"url":"","error":"Validation failed: Text character limit of 500 exceeded"},"_links":{"self":[{"href":"https:\/\/www.europesays.com\/fr\/wp-json\/wp\/v2\/posts\/542252","targetHints":{"allow":["GET"]}}],"collection":[{"href":"https:\/\/www.europesays.com\/fr\/wp-json\/wp\/v2\/posts"}],"about":[{"href":"https:\/\/www.europesays.com\/fr\/wp-json\/wp\/v2\/types\/post"}],"author":[{"embeddable":true,"href":"https:\/\/www.europesays.com\/fr\/wp-json\/wp\/v2\/users\/2"}],"replies":[{"embeddable":true,"href":"https:\/\/www.europesays.com\/fr\/wp-json\/wp\/v2\/comments?post=542252"}],"version-history":[{"count":0,"href":"https:\/\/www.europesays.com\/fr\/wp-json\/wp\/v2\/posts\/542252\/revisions"}],"wp:featuredmedia":[{"embeddable":true,"href":"https:\/\/www.europesays.com\/fr\/wp-json\/wp\/v2\/media\/542253"}],"wp:attachment":[{"href":"https:\/\/www.europesays.com\/fr\/wp-json\/wp\/v2\/media?parent=542252"}],"wp:term":[{"taxonomy":"category","embeddable":true,"href":"https:\/\/www.europesays.com\/fr\/wp-json\/wp\/v2\/categories?post=542252"},{"taxonomy":"post_tag","embeddable":true,"href":"https:\/\/www.europesays.com\/fr\/wp-json\/wp\/v2\/tags?post=542252"}],"curies":[{"name":"wp","href":"https:\/\/api.w.org\/{rel}","templated":true}]}}