{"id":542254,"date":"2025-11-18T10:12:22","date_gmt":"2025-11-18T10:12:22","guid":{"rendered":"https:\/\/www.europesays.com\/fr\/542254\/"},"modified":"2025-11-18T10:12:22","modified_gmt":"2025-11-18T10:12:22","slug":"grand-est-la-region-annonce-la-reduction-de-ses-aides-a-la-culture-des-institutions-menacees-dune-baisse-de-10-de-leur-subvention","status":"publish","type":"post","link":"https:\/\/www.europesays.com\/fr\/542254\/","title":{"rendered":"Grand Est. La R\u00e9gion annonce la r\u00e9duction de ses aides \u00e0 la culture, des institutions menac\u00e9es d&rsquo;une baisse de 10% de leur subvention"},"content":{"rendered":"<p>\u00ab\u00a0On ne veut pas crier au loup\u00a0!\u00a0\u00bb D\u2019ailleurs, ils ne crient m\u00eame pas du tout. Aucun pour r\u00e9agir officiellement. C\u2019est dire, pour l\u2019instant, \u00e0 la fois l\u2019inqui\u00e9tude et le saisissement. \u00ab\u00a0On veut croire aussi que rien n\u2019est totalement d\u00e9finitif. Et qu\u2019on a encore une marge de n\u00e9gociation.\u00a0\u00bb<\/p>\n<p>Le vote du budget 2026 de la R\u00e9gion Grand Est n\u2019a en effet pas encore ent\u00e9rin\u00e9 la d\u00e9cision. Le 4\u00a0novembre dernier, les structures de spectacle b\u00e9n\u00e9ficiant de plus de 100\u00a0000\u00a0\u20ac d\u2019aides r\u00e9gionales ont appris qu\u2019elles devront faire face \u00e0 10\u00a0% de r\u00e9duction l\u2019an prochain. Une annonce de <a href=\"https:\/\/www.estrepublicain.fr\/culture-loisirs\/2024\/07\/16\/martine-lizola-un-vecteur-d-attractivite-et-de-revitalisation-des-territoires\" target=\"_blank\" rel=\"noopener\">Martine Lizola, pr\u00e9sidente&#8230;<\/a><\/p>\n","protected":false},"excerpt":{"rendered":"\u00ab\u00a0On ne veut pas crier au loup\u00a0!\u00a0\u00bb D\u2019ailleurs, ils ne crient m\u00eame pas du tout. Aucun pour r\u00e9agir&hellip;\n","protected":false},"author":2,"featured_media":542255,"comment_status":"","ping_status":"","sticky":false,"template":"","format":"standard","meta":{"footnotes":""},"categories":[9635],"tags":[1111,11,1687,1707,1704,1706,1705,1777,674,1011,27,775,1702,1703,12,3456,25,3140],"class_list":{"0":"post-542254","1":"post","2":"type-post","3":"status-publish","4":"format-standard","5":"has-post-thumbnail","7":"category-nancy","8":"tag-actu","9":"tag-actualites","10":"tag-culture-loisirs","11":"tag-edition-luneville","12":"tag-edition-nancy-et-agglomeration","13":"tag-edition-pont-a-mousson","14":"tag-edition-toul","15":"tag-eu","16":"tag-europe","17":"tag-fr","18":"tag-france","19":"tag-grand-est","20":"tag-nancy","21":"tag-nancy-ville-54b","22":"tag-news","23":"tag-region-lorraine","24":"tag-republique-francaise","25":"tag-spectacle"},"share_on_mastodon":{"url":"https:\/\/pubeurope.com\/@fr\/115570171019169894","error":""},"_links":{"self":[{"href":"https:\/\/www.europesays.com\/fr\/wp-json\/wp\/v2\/posts\/542254","targetHints":{"allow":["GET"]}}],"collection":[{"href":"https:\/\/www.europesays.com\/fr\/wp-json\/wp\/v2\/posts"}],"about":[{"href":"https:\/\/www.europesays.com\/fr\/wp-json\/wp\/v2\/types\/post"}],"author":[{"embeddable":true,"href":"https:\/\/www.europesays.com\/fr\/wp-json\/wp\/v2\/users\/2"}],"replies":[{"embeddable":true,"href":"https:\/\/www.europesays.com\/fr\/wp-json\/wp\/v2\/comments?post=542254"}],"version-history":[{"count":0,"href":"https:\/\/www.europesays.com\/fr\/wp-json\/wp\/v2\/posts\/542254\/revisions"}],"wp:featuredmedia":[{"embeddable":true,"href":"https:\/\/www.europesays.com\/fr\/wp-json\/wp\/v2\/media\/542255"}],"wp:attachment":[{"href":"https:\/\/www.europesays.com\/fr\/wp-json\/wp\/v2\/media?parent=542254"}],"wp:term":[{"taxonomy":"category","embeddable":true,"href":"https:\/\/www.europesays.com\/fr\/wp-json\/wp\/v2\/categories?post=542254"},{"taxonomy":"post_tag","embeddable":true,"href":"https:\/\/www.europesays.com\/fr\/wp-json\/wp\/v2\/tags?post=542254"}],"curies":[{"name":"wp","href":"https:\/\/api.w.org\/{rel}","templated":true}]}}