{"id":542258,"date":"2025-11-18T10:14:16","date_gmt":"2025-11-18T10:14:16","guid":{"rendered":"https:\/\/www.europesays.com\/fr\/542258\/"},"modified":"2025-11-18T10:14:16","modified_gmt":"2025-11-18T10:14:16","slug":"top-14-serin-et-white-sinscrivent-dans-la-duree-au-rc-toulon","status":"publish","type":"post","link":"https:\/\/www.europesays.com\/fr\/542258\/","title":{"rendered":"Top 14 : Serin et White s&rsquo;inscrivent dans la dur\u00e9e au RC Toulon"},"content":{"rendered":"<p>Cette annonce \u00e9tait attendue par tous les supporters toulonnais. Jeudi 13\u00a0novembre, le RC Toulon a officialis\u00e9 <a href=\"https:\/\/www.laprovence.com\/article\/sports\/3020853103003114\/rugby-top-14-baptiste-serin-sera-toulonnais-jusquen-2028\" target=\"_blank\" rel=\"noopener\">la prolongation de contrat de son demi de m\u00eal\u00e9e Baptiste Serin<\/a>. Ce qui \u00e9tait devenu un secret de Polichinelle sur la Rade est d\u00e9sormais bien r\u00e9el, le joueur de 31\u00a0ans portera le maillot rouge et noir jusqu&rsquo;en\u00a02028\u00a0: \u00ab\u00a0Quand je suis arriv\u00e9 ici, je ne savais pas vraiment \u00e0 quoi m&rsquo;attendre, a confi\u00e9 l&rsquo;ancien joueur de l&rsquo;UBB. Mais tr\u00e8s vite, j&rsquo;ai compris. J&rsquo;ai compris ce que voulait dire porter ce maillot, jouer pour cette ville, pour ces supporters. Aujourd&rsquo;hui, un choix de carri\u00e8re se pr\u00e9sente \u00e0 moi. Il est temps d&rsquo;\u00e9crire une nouvelle page. Cette page, j&rsquo;ai envie de l&rsquo;\u00e9crire ici, avec vous.\u00a0\u00bb<\/p>\n<p>Le poste de demi de m\u00eal\u00e9e s\u00e9curis\u00e9 \u00e0 long terme<\/p>\n<p>Comme une bonne nouvelle n&rsquo;arrive jamais seule, le num\u00e9ro neuf a eu le plaisir de rejoindre Marcoussis la semaine derni\u00e8re pour int\u00e9grer le groupe du XV de France \u00e0 la place de Nolann Le Garrec. Du c\u00f4t\u00e9 de Toulon non plus, cette bonne nouvelle n&rsquo;est pas arriv\u00e9e seule. Le lendemain, vendredi, le club varois a annonc\u00e9 <a href=\"https:\/\/www.laprovence.com\/article\/sports\/1901317098023914\/rugby-ben-white-prolonge-au-rc-toulon-jusquen-2028\" target=\"_blank\" rel=\"noopener\">le renouvellement du bail de son autre demi de m\u00eal\u00e9e\u00a0: Ben White<\/a>. L&rsquo;international \u00e9cossais est li\u00e9 pour deux ann\u00e9es suppl\u00e9mentaires avec le RCT tout comme son partenaire de la charni\u00e8re. Ce poste, qui \u00e9tait une priorit\u00e9 pour Bernard Lema\u00eetre et Pierre Mignoni, est d\u00e9sormais bien s\u00e9curis\u00e9 avec ces deux joueurs pour faire les beaux jours de Toulon jusqu&rsquo;en\u00a02028.<\/p>\n<p>Ils seront retenus en s\u00e9lections ce week-end<\/p>\n<p>Si sur le long terme le staff rouge et noir peut dormir sur ses deux oreilles avec Serin et White, sur le court terme, il va devoir se creuser la t\u00eate. Le RC Toulon pourrait bien devoir se passer des deux joueurs dimanche soir sur la pelouse du Stade Fran\u00e7ais pour la dixi\u00e8me journ\u00e9e de Top 14 (21h05). Ben White, d\u00e9j\u00e0 absent contre La\u00a0Rochelle, est toujours avec sa s\u00e9lection pour disputer les matchs de la Tourn\u00e9e d&rsquo;Automne. Le joueur de 27\u00a0ans a d\u00e9clar\u00e9 forfait \u00e0 la derni\u00e8re minute ce week-end contre l&rsquo;Argentine (malade) mais il devrait bien tenir sa place contre les Tonga dimanche prochain (14h40).<\/p>\n<p>Baptiste Serin, de son c\u00f4t\u00e9, qui a assist\u00e9 \u00e0 France &#8211; Fidji depuis les tribunes, fait partie du groupe tricolore pour pr\u00e9parer la rencontre face \u00e0 l&rsquo;Australie (samedi \u00e0 21h10). Avec seulement trois demis de m\u00eal\u00e9e pr\u00e9sents dans la liste de Fabien Galthi\u00e9, le Toulonnais ne devrait pas \u00eatre rel\u00e2ch\u00e9 par le s\u00e9lectionneur et pourrait bien faire partie des 28 joueurs conserv\u00e9s. Le RCT doit donc pr\u00e9parer son d\u00e9placement \u00e0 Paris sans ses deux cadres entre autres joueurs bless\u00e9s ou en s\u00e9lection. En cas d&rsquo;absence confirm\u00e9e, le club varois pourra tout de m\u00eame compter sur l&rsquo;ancien palois Clovis Le Bail ou l&rsquo;ailier polyvalent Mathis Fert\u00e9 pour d\u00e9buter le match dans la Capitale.<\/p>\n","protected":false},"excerpt":{"rendered":"Cette annonce \u00e9tait attendue par tous les supporters toulonnais. Jeudi 13\u00a0novembre, le RC Toulon a officialis\u00e9 la prolongation&hellip;\n","protected":false},"author":2,"featured_media":542259,"comment_status":"","ping_status":"","sticky":false,"template":"","format":"standard","meta":{"footnotes":""},"categories":[9619],"tags":[17,1111,11,1446,2000,1777,674,1011,27,12,882,25,479,66070,20174,60,3030,2310,9496],"class_list":{"0":"post-542258","1":"post","2":"type-post","3":"status-publish","4":"format-standard","5":"has-post-thumbnail","7":"category-toulon","8":"tag-17","9":"tag-actu","10":"tag-actualites","11":"tag-dans","12":"tag-duree","13":"tag-eu","14":"tag-europe","15":"tag-fr","16":"tag-france","17":"tag-news","18":"tag-provence-alpes-cote-dazur","19":"tag-republique-francaise","20":"tag-rugby","21":"tag-sinscrivent","22":"tag-serin","23":"tag-sports","24":"tag-top","25":"tag-toulon","26":"tag-white"},"share_on_mastodon":{"url":"","error":""},"_links":{"self":[{"href":"https:\/\/www.europesays.com\/fr\/wp-json\/wp\/v2\/posts\/542258","targetHints":{"allow":["GET"]}}],"collection":[{"href":"https:\/\/www.europesays.com\/fr\/wp-json\/wp\/v2\/posts"}],"about":[{"href":"https:\/\/www.europesays.com\/fr\/wp-json\/wp\/v2\/types\/post"}],"author":[{"embeddable":true,"href":"https:\/\/www.europesays.com\/fr\/wp-json\/wp\/v2\/users\/2"}],"replies":[{"embeddable":true,"href":"https:\/\/www.europesays.com\/fr\/wp-json\/wp\/v2\/comments?post=542258"}],"version-history":[{"count":0,"href":"https:\/\/www.europesays.com\/fr\/wp-json\/wp\/v2\/posts\/542258\/revisions"}],"wp:featuredmedia":[{"embeddable":true,"href":"https:\/\/www.europesays.com\/fr\/wp-json\/wp\/v2\/media\/542259"}],"wp:attachment":[{"href":"https:\/\/www.europesays.com\/fr\/wp-json\/wp\/v2\/media?parent=542258"}],"wp:term":[{"taxonomy":"category","embeddable":true,"href":"https:\/\/www.europesays.com\/fr\/wp-json\/wp\/v2\/categories?post=542258"},{"taxonomy":"post_tag","embeddable":true,"href":"https:\/\/www.europesays.com\/fr\/wp-json\/wp\/v2\/tags?post=542258"}],"curies":[{"name":"wp","href":"https:\/\/api.w.org\/{rel}","templated":true}]}}