{"id":542262,"date":"2025-11-18T10:16:25","date_gmt":"2025-11-18T10:16:25","guid":{"rendered":"https:\/\/www.europesays.com\/fr\/542262\/"},"modified":"2025-11-18T10:16:25","modified_gmt":"2025-11-18T10:16:25","slug":"un-homme-sans-abri-interpelle-pour-un-vol-dans-un-supermarche","status":"publish","type":"post","link":"https:\/\/www.europesays.com\/fr\/542262\/","title":{"rendered":"un homme sans-abri interpell\u00e9 pour un vol dans un supermarch\u00e9"},"content":{"rendered":"<p>\nInterpell\u00e9 apr\u00e8s avoir vol\u00e9 de la nourriture et des bouteilles de champagne, il sera jug\u00e9 en comparution imm\u00e9diate.<\/p>\n<p>\n\u00a9 Photo d\u2019illustration .<\/p>\n<p><a data-no-instant=\"1\" href=\"https:\/\/nimes-metropole-entreprises.fr\/le-territoire-de-nimes-metropole\/un-reseau-economique-et-collaboratif\/digiweek-de-nimes-metropole\/\" rel=\"noopener nofollow\" class=\"a2t-link\" aria-label=\"461-image\" target=\"_blank\"><img decoding=\"async\" loading=\"lazy\" src=\"https:\/\/www.europesays.com\/fr\/wp-content\/uploads\/2025\/11\/461-image.jpeg\" alt=\"\"   width=\"1220\" height=\"260\"\/><\/a><\/p>\n<p>Le<strong> 15 novembre<\/strong>, les policiers montpelli\u00e9rains sont intervenus pour un <strong>vol<\/strong> dans un Carrefour City de la <strong>rue de Raguse<\/strong> \u00e0 <a href=\"https:\/\/infoccitanie.fr\/tag\/montpellier\/\" rel=\"nofollow noopener\" target=\"_blank\">Montpellier<\/a>. Alert\u00e9s vers 14 heures, ils ont retrouv\u00e9 sur place un <strong>agent de s\u00e9curit\u00e9 l\u00e9g\u00e8rement bless\u00e9<\/strong> au doigt lors de l\u2019interpellation du <strong>voleur pr\u00e9sum\u00e9<\/strong>. L\u2019homme aurait d\u00e9rob\u00e9 de la <strong>nourriture<\/strong> et des <strong>bouteilles de champagne<\/strong> pour un montant total de <strong>72 euros<\/strong>.<\/p>\n<p>D\u00e9j\u00e0 connu des services de police<\/p>\n<p>Le suspect, \u00e2g\u00e9 de <strong>41 ans<\/strong> et <strong>sans-abri<\/strong>, d\u00e9j\u00e0 connu des services de police, \u00e9tait sous <strong>contr\u00f4le judiciaire <\/strong>depuis le 15 octobre pour d\u2019autres vols. Il devra r\u00e9pondre de ses actes devant le <a href=\"https:\/\/infoccitanie.fr\/tag\/tribunal\/\" rel=\"nofollow noopener\" target=\"_blank\">tribunal correctionnel de Montpellier<\/a>.<\/p>\n","protected":false},"excerpt":{"rendered":"Interpell\u00e9 apr\u00e8s avoir vol\u00e9 de la nourriture et des bouteilles de champagne, il sera jug\u00e9 en comparution imm\u00e9diate.&hellip;\n","protected":false},"author":2,"featured_media":542263,"comment_status":"","ping_status":"","sticky":false,"template":"","format":"standard","meta":{"footnotes":""},"categories":[9599],"tags":[1111,11,1777,674,1011,27,2208,12,2680,1072,25],"class_list":{"0":"post-542262","1":"post","2":"type-post","3":"status-publish","4":"format-standard","5":"has-post-thumbnail","7":"category-montpellier","8":"tag-actu","9":"tag-actualites","10":"tag-eu","11":"tag-europe","12":"tag-fr","13":"tag-france","14":"tag-montpellier","15":"tag-news","16":"tag-occitanie","17":"tag-police","18":"tag-republique-francaise"},"share_on_mastodon":{"url":"https:\/\/pubeurope.com\/@fr\/115570186289177563","error":""},"_links":{"self":[{"href":"https:\/\/www.europesays.com\/fr\/wp-json\/wp\/v2\/posts\/542262","targetHints":{"allow":["GET"]}}],"collection":[{"href":"https:\/\/www.europesays.com\/fr\/wp-json\/wp\/v2\/posts"}],"about":[{"href":"https:\/\/www.europesays.com\/fr\/wp-json\/wp\/v2\/types\/post"}],"author":[{"embeddable":true,"href":"https:\/\/www.europesays.com\/fr\/wp-json\/wp\/v2\/users\/2"}],"replies":[{"embeddable":true,"href":"https:\/\/www.europesays.com\/fr\/wp-json\/wp\/v2\/comments?post=542262"}],"version-history":[{"count":0,"href":"https:\/\/www.europesays.com\/fr\/wp-json\/wp\/v2\/posts\/542262\/revisions"}],"wp:featuredmedia":[{"embeddable":true,"href":"https:\/\/www.europesays.com\/fr\/wp-json\/wp\/v2\/media\/542263"}],"wp:attachment":[{"href":"https:\/\/www.europesays.com\/fr\/wp-json\/wp\/v2\/media?parent=542262"}],"wp:term":[{"taxonomy":"category","embeddable":true,"href":"https:\/\/www.europesays.com\/fr\/wp-json\/wp\/v2\/categories?post=542262"},{"taxonomy":"post_tag","embeddable":true,"href":"https:\/\/www.europesays.com\/fr\/wp-json\/wp\/v2\/tags?post=542262"}],"curies":[{"name":"wp","href":"https:\/\/api.w.org\/{rel}","templated":true}]}}