{"id":542264,"date":"2025-11-18T10:19:17","date_gmt":"2025-11-18T10:19:17","guid":{"rendered":"https:\/\/www.europesays.com\/fr\/542264\/"},"modified":"2025-11-18T10:19:17","modified_gmt":"2025-11-18T10:19:17","slug":"les-suisses-entre-rouen-et-gorla","status":"publish","type":"post","link":"https:\/\/www.europesays.com\/fr\/542264\/","title":{"rendered":"Les Suisses entre Rouen et Gorla"},"content":{"rendered":"<p>\tPas de 5* pour les cadres suisses, mais des rendez-vous en France, en Italie et en Belgique.<\/p>\n<p style=\"text-align:justify\">La plus grande \u00e9ch\u00e9ance pour les Suisses est le <strong>4* de Rouen<\/strong>. Bryan Balsiger, Anthony Bourquard, Jean-Maurice Brahier, Romain Duguet (2e l\u2019an dernier dans la grosse \u00e9preuve du samedi) et Franck Goubard se sont rendus en France pour cette\u00a025e \u00e9dition d&rsquo;Equi Seine. Le Grand Prix (155 cm) se tient dimanche apr\u00e8s-midi, alors que le cross indoor a lieu samedi soir.<\/p>\n<p style=\"text-align:justify\">De nombreux Helv\u00e8tes ont choisi le <strong>2* de Gorla Minore<\/strong>. C\u2019est le cas notamment de Martin Fuchs (vainqueur du Grand Prix en 2024), Alain Jufer, Dominik Fuhrer et Pius Schwizer ou encore la rel\u00e8ve avec Charlotte van Wesel et la fratrie Bek. De son c\u00f4t\u00e9, Elian Baumann a opt\u00e9 pour le <strong>2* d\u2019Opglabbeek<\/strong>, au centre \u00e9questre de Sentower Park.<\/p>\n<p>\tDes 5* pour le reste du plateau mondial<\/p>\n<p style=\"text-align:justify\">Au niveau 5* se d\u00e9roule l\u2019\u00e9tape Coupe du monde de la ligue nord-am\u00e9ricaine de <strong>Santa Anita<\/strong>, aux \u00c9tats-Unis. Des autochtones de haut vol seront de la partie, \u00e0 l\u2019image du no 1 mondial Kent Farrington, ainsi que Laura Kraut et McLain Ward, eux aussi dans le top 10 mondial, ou encore de Karl Cook et Jessica Springsteen. L\u2019Irlandais Conor Swail, qui domine le classement de cette ligue, a fait le d\u00e9placement, tout comme le champion d\u2019Europe Richard Vogel, les Fran\u00e7aises Nina Mallevaey et Jeanne Sadran et le Belge Gregory Whatelet.<\/p>\n<p style=\"text-align:justify\">Il y a en parall\u00e8le l\u2019\u00e9tape du Global Tour de <strong>Prague<\/strong>, en R\u00e9publique tch\u00e8que, \u00e0 laquelle de grands noms de la discipline prennent part. Citons par exemple les Britanniques Scott Brash, Ben Maher et John Whitaker, les Allemands Christian Kukuk, Daniel Deusser, Christian Ahlmann, Marcus Ehning ou Hans-Dieter Dreher, les Belges Gilles Thomas, Abdel Sa\u00efd, J\u00e9r\u00f4me Gu\u00e9ry et trois des fr\u00e8res Philippaerts ou encore le Fran\u00e7ais Simon Delestre.<\/p>\n<p style=\"text-align:justify\">L.V.<\/p>\n","protected":false},"excerpt":{"rendered":"Pas de 5* pour les cadres suisses, mais des rendez-vous en France, en Italie et en Belgique. La&hellip;\n","protected":false},"author":2,"featured_media":542265,"comment_status":"","ping_status":"","sticky":false,"template":"","format":"standard","meta":{"footnotes":""},"categories":[9587],"tags":[1111,26664,11,26679,26670,26693,18121,26700,26676,26691,26662,26707,26709,26708,12668,26715,26668,26665,26678,451,26688,2622,25248,26722,26695,12219,26711,1777,674,1011,27,26681,26721,26702,26675,26689,11462,26719,26703,26686,26696,26698,26716,3996,26710,26669,26699,26705,26685,26674,26697,26682,26692,26706,12,5161,26667,26680,26701,26677,26718,26672,26723,26724,26704,26712,25,26673,699,26687,26713,2004,9590,26666,26690,26694,26720,26663,26684,26683,26671,26714,26717],"class_list":{"0":"post-542264","1":"post","2":"type-post","3":"status-publish","4":"format-standard","5":"has-post-thumbnail","7":"category-rouen","8":"tag-actu","9":"tag-actualite-equestre","10":"tag-actualites","11":"tag-alban-poudret","12":"tag-attelage","13":"tag-baloubet-du-rouet","14":"tag-barre","15":"tag-beat-mandli","16":"tag-beerbaum","17":"tag-calvaro","18":"tag-cavalier","19":"tag-cavalier-romand","20":"tag-cavalier-suisse","21":"tag-cavaliers-romands","22":"tag-cheval","23":"tag-christina-liebherr","24":"tag-concours-complet","25":"tag-concours-hippique","26":"tag-concours-hippique-international-de-geneve","27":"tag-coupe-du-monde","28":"tag-coupe-du-monde-rolex-fei","29":"tag-courses","30":"tag-dressage","31":"tag-equipub","32":"tag-eric-lamaze","33":"tag-et","34":"tag-etalon","35":"tag-eu","36":"tag-europe","37":"tag-fr","38":"tag-france","39":"tag-fuchs","40":"tag-geneva-palexpo","41":"tag-global-champions-tour","42":"tag-guerdat","43":"tag-hickstead","44":"tag-hippisme","45":"tag-iena","46":"tag-isabel-werth","47":"tag-jalisca-solier","48":"tag-jappeloup","49":"tag-jeunes-cavaliers","50":"tag-jeux-equestres-mondiaux","51":"tag-jeux-olympiques","52":"tag-journal-equestre","53":"tag-jumping","54":"tag-juniors","55":"tag-lausanne","56":"tag-leprevost","57":"tag-magazine-equestre","58":"tag-marcus-ehning","59":"tag-martin-fuchs","60":"tag-milton","61":"tag-mulet","62":"tag-news","63":"tag-normandie","64":"tag-obstacles","65":"tag-pessoa","66":"tag-piste-de-concours","67":"tag-pius-schwizer","68":"tag-pmu","69":"tag-polo","70":"tag-publicite-hippique","71":"tag-publicite-hippisme","72":"tag-pully","73":"tag-reproduction","74":"tag-republique-francaise","75":"tag-revue-equestre","76":"tag-rolex","77":"tag-rolex-fei","78":"tag-rolf-goran-bengtsson","79":"tag-roman","80":"tag-rouen","81":"tag-saut","82":"tag-shutterfly","83":"tag-silvana-de-hus","84":"tag-sophie-mottu","85":"tag-sports-equestres","86":"tag-staut","87":"tag-steve-guerdat","88":"tag-voltige","89":"tag-wild-card","90":"tag-world-equestrian-games"},"share_on_mastodon":{"url":"","error":"Validation failed: Text character limit of 500 exceeded"},"_links":{"self":[{"href":"https:\/\/www.europesays.com\/fr\/wp-json\/wp\/v2\/posts\/542264","targetHints":{"allow":["GET"]}}],"collection":[{"href":"https:\/\/www.europesays.com\/fr\/wp-json\/wp\/v2\/posts"}],"about":[{"href":"https:\/\/www.europesays.com\/fr\/wp-json\/wp\/v2\/types\/post"}],"author":[{"embeddable":true,"href":"https:\/\/www.europesays.com\/fr\/wp-json\/wp\/v2\/users\/2"}],"replies":[{"embeddable":true,"href":"https:\/\/www.europesays.com\/fr\/wp-json\/wp\/v2\/comments?post=542264"}],"version-history":[{"count":0,"href":"https:\/\/www.europesays.com\/fr\/wp-json\/wp\/v2\/posts\/542264\/revisions"}],"wp:featuredmedia":[{"embeddable":true,"href":"https:\/\/www.europesays.com\/fr\/wp-json\/wp\/v2\/media\/542265"}],"wp:attachment":[{"href":"https:\/\/www.europesays.com\/fr\/wp-json\/wp\/v2\/media?parent=542264"}],"wp:term":[{"taxonomy":"category","embeddable":true,"href":"https:\/\/www.europesays.com\/fr\/wp-json\/wp\/v2\/categories?post=542264"},{"taxonomy":"post_tag","embeddable":true,"href":"https:\/\/www.europesays.com\/fr\/wp-json\/wp\/v2\/tags?post=542264"}],"curies":[{"name":"wp","href":"https:\/\/api.w.org\/{rel}","templated":true}]}}