{"id":542266,"date":"2025-11-18T10:22:39","date_gmt":"2025-11-18T10:22:39","guid":{"rendered":"https:\/\/www.europesays.com\/fr\/542266\/"},"modified":"2025-11-18T10:22:39","modified_gmt":"2025-11-18T10:22:39","slug":"grenoble-possible-reglement-de-compte-victime-dans-le-coma-ce-que-lon-sait-de-la-fusillade-qui-a-vise-un-adolescent","status":"publish","type":"post","link":"https:\/\/www.europesays.com\/fr\/542266\/","title":{"rendered":"Grenoble\u00a0: possible r\u00e8glement de compte, victime dans le coma\u2026 Ce que l\u2019on sait de la fusillade qui a vis\u00e9 un adolescent"},"content":{"rendered":"<p class=\"paragraph text_align_left lp-f-body-02\">Un adolescent, mineur isol\u00e9, r\u00e9cemment \u00e0 du trafic de stup\u00e9fiants, a \u00e9t\u00e9 gri\u00e8vement bless\u00e9 <a href=\"https:\/\/www.leparisien.fr\/faits-divers\/a-grenoble-un-garcon-de-12-ans-grievement-blesse-par-des-tirs-16-11-2025-VYK24QBCF5CLJLIYJ65KGSLVQ4.php\" target=\"_blank\" rel=\"noreferrer nofollow noopener\">apr\u00e8s avoir \u00e9t\u00e9 touch\u00e9 par plusieurs balles<\/a>, dans la nuit de samedi \u00e0 dimanche, sur un point de deal connu de Grenoble (<a href=\"https:\/\/www.leparisien.fr\/isere-38\/\" target=\"_blank\" rel=\"noreferrer nofollow noopener\">Is\u00e8re<\/a>).<\/p>\n<p class=\"paragraph text_align_left lp-f-body-02\">Toujours dans le coma, ce lundi, son pronostic vital reste engag\u00e9, selon le parquet de Grenoble, qui a ouvert une enqu\u00eate pour \u00ab tentative de meurtre \u00bb. Ses agresseurs, qui ont pris la fuite, n\u2019ont pas \u00e9t\u00e9 interpell\u00e9s.<\/p>\n<p>Que s\u2019est-il pass\u00e9 ?<\/p>\n<p class=\"paragraph text_align_left lp-f-body-02\">Dans la nuit de samedi \u00e0 dimanche, vers 3 heures du matin, un adolescent mineur a \u00e9t\u00e9 bless\u00e9 par balles \u00e0 Grenoble, au croisement de la rue du Drac et de la rue Boucher de Perthes.<\/p>\n<p class=\"paragraph text_align_left lp-f-body-02\">Des riverains ont alert\u00e9 la police apr\u00e8s avoir entendu des tirs suivis du vrombissement d\u2019un v\u00e9hicule qui a pris la fuite, a indiqu\u00e9 \u00e0 l\u2019AFP une source polici\u00e8re. \u00ab J\u2019ai juste entendu cinq coups \u00bb de feu, a t\u00e9moign\u00e9 pour l\u2019AFP une \u00e9tudiante du quartier. \u00ab Et quelqu\u2019un criait Non, arr\u00eatez, arr\u00eatez !, et apr\u00e8s plus rien \u00bb, se souvient-elle. Sur place, les enqu\u00eateurs ont retrouv\u00e9 neuf \u00e9tuis de balles.<\/p>\n<p class=\"lp-card-podcast-highlighting__title  lp-f-subtitle-05\">[2\/2] Mus\u00e9e Marmottan\u00a0: le vol spectaculaire d\u2019un chef-d\u2019\u0153uvre de Monet<\/p>\n<p class=\"lp-card-podcast-highlighting__description lp-f-ui-05\">Crime story raconte chaque semaine les grandes affaires criminelles.<\/p>\n<p><a class=\"lp-card-podcast-highlighting__call-to-action\" data-page-type=\"HP\" data-block-name=\"podcast-highlight\">\u00c9couter<\/a><\/p>\n<p class=\"paragraph text_align_left lp-f-body-02\">L\u2019adolescent, touch\u00e9 par trois balles, une dans le dos et dans les jambes, selon le parquet de Grenoble, \u00e9tait en arr\u00eat cardiorespiratoire lors de l\u2019arriv\u00e9e des secours. Les secours ont r\u00e9ussi \u00e0 le r\u00e9animer sur la voie publique et \u00e0 le transporter au CHU de Grenoble. Ce lundi, la victime \u00ab est toujours dans le coma et son pronostic vital reste engag\u00e9 \u00bb, a pr\u00e9cis\u00e9 le cabinet du cabinet du procureur de Grenoble.<\/p>\n<p>Que sait-on de la victime ?<\/p>\n<p class=\"paragraph text_align_left lp-f-body-02\">Si son \u00ab identit\u00e9 n\u2019est toujours pas certaine \u00e0 cette heure \u00bb, selon le parquet de Grenoble, la victime est vraisemblablement un \u00ab mineur de presque 14 ans n\u00e9 en Alg\u00e9rie en d\u00e9cembre 2011 \u00bb. Il a \u00e9t\u00e9 plusieurs fois h\u00e9berg\u00e9 en foyer dont il a tr\u00e8s rapidement fugu\u00e9. L\u2019adolescent est d\u00e9j\u00e0 connu des services de police pour des faits de trafic de stup\u00e9fiants \u00e0 Grenoble, mais aussi en r\u00e9gion parisienne et \u00e0 Grenoble.<\/p>\n<p class=\"paragraph text_align_left lp-f-body-02\">Mais lors des diff\u00e9rentes proc\u00e9dures, il s\u2019est pr\u00e9sent\u00e9 \u00ab sous diverses identit\u00e9s \u00bb. \u00ab Il a dit \u00eatre Marocain puis Alg\u00e9rien, \u00eatre n\u00e9 en 2013, 2012, 2011 \u00bb, poursuit le parquet de Grenoble. Il devait \u00eatre jug\u00e9 le 10 d\u00e9cembre prochain pour le tribunal pour enfants de Grenoble apr\u00e8s avoir \u00e9t\u00e9 interpell\u00e9 sur le point de deal de Saint Bruno avec 75 g de r\u00e9sine de cannabis, 25 g de coca\u00efne et du num\u00e9raire lors d\u2019un contr\u00f4le en octobre dernier.<\/p>\n<p class=\"paragraph text_align_left lp-f-body-02\">Selon le parquet de Grenoble, \u00ab un individu se pr\u00e9sentant comme son grand fr\u00e8re s\u2019est pr\u00e9sent\u00e9 \u00e0 l\u2019h\u00f4pital \u00bb. Connu \u00e9galement de la police sous plusieurs alias, cet individu est notamment convoqu\u00e9 ce mardi 18 novembre devant le tribunal correctionnel de Grenoble pour des faits de trafic de stup\u00e9fiants.<\/p>\n<p>O\u00f9 en est l\u2019enqu\u00eate ?<\/p>\n<p class=\"paragraph text_align_left lp-f-body-02\">Imm\u00e9diatement apr\u00e8s les faits, une enqu\u00eate a \u00e9t\u00e9 ouverte par le parquet de Grenoble pour \u00ab tentative de meurtre \u00bb, confi\u00e9e \u00e0 division de la criminalit\u00e9 organis\u00e9e et sp\u00e9cialis\u00e9e (DCOS), l\u2019ancienne police judiciaire. \u00ab Le ou les auteurs des tirs n\u2019ont pas \u00e9t\u00e9 interpell\u00e9s \u00e0 cette heure \u00bb, pr\u00e9cise le cabinet du procureur de Grenoble, ce lundi, qui indique que l\u2019enqu\u00eate se poursuit.<\/p>\n<p class=\"paragraph text_align_left lp-f-body-02\">\u00c0 ce stade, les enqu\u00eateurs n\u2019excluent aucune piste, mais il pourrait s\u2019agir d\u2019un r\u00e8glement de compte sur fond de narcotrafic. Si ce sc\u00e9nario est confirm\u00e9, cet adolescent figurerait parmi les plus jeunes ainsi vis\u00e9s ces derni\u00e8res ann\u00e9es.<\/p>\n<p class=\"paragraph text_align_left lp-f-body-02\">Les r\u00e8glements de comptes par armes \u00e0 feu entre groupes de trafiquants ne sont pas rares \u00e0 Grenoble et certaines de ses banlieues. En 2024, la place Saint-Bruno, au c\u0153ur de Chorier-Berriat, avait \u00e9t\u00e9 le th\u00e9\u00e2tre de plusieurs fusillades, les autorit\u00e9s \u00e9voquant alors une \u00ab guerre des gangs \u00bb.<\/p>\n","protected":false},"excerpt":{"rendered":"Un adolescent, mineur isol\u00e9, r\u00e9cemment \u00e0 du trafic de stup\u00e9fiants, a \u00e9t\u00e9 gri\u00e8vement bless\u00e9 apr\u00e8s avoir \u00e9t\u00e9 touch\u00e9&hellip;\n","protected":false},"author":2,"featured_media":542267,"comment_status":"","ping_status":"","sticky":false,"template":"","format":"standard","meta":{"footnotes":""},"categories":[9566],"tags":[1111,11,2430,459,1777,674,118,1011,27,2731,12,25],"class_list":{"0":"post-542266","1":"post","2":"type-post","3":"status-publish","4":"format-standard","5":"has-post-thumbnail","7":"category-grenoble","8":"tag-actu","9":"tag-actualites","10":"tag-auvergne-rhone-alpes","11":"tag-departements-horsidfo","12":"tag-eu","13":"tag-europe","14":"tag-faits-divers","15":"tag-fr","16":"tag-france","17":"tag-grenoble","18":"tag-news","19":"tag-republique-francaise"},"share_on_mastodon":{"url":"https:\/\/pubeurope.com\/@fr\/115570209255116827","error":""},"_links":{"self":[{"href":"https:\/\/www.europesays.com\/fr\/wp-json\/wp\/v2\/posts\/542266","targetHints":{"allow":["GET"]}}],"collection":[{"href":"https:\/\/www.europesays.com\/fr\/wp-json\/wp\/v2\/posts"}],"about":[{"href":"https:\/\/www.europesays.com\/fr\/wp-json\/wp\/v2\/types\/post"}],"author":[{"embeddable":true,"href":"https:\/\/www.europesays.com\/fr\/wp-json\/wp\/v2\/users\/2"}],"replies":[{"embeddable":true,"href":"https:\/\/www.europesays.com\/fr\/wp-json\/wp\/v2\/comments?post=542266"}],"version-history":[{"count":0,"href":"https:\/\/www.europesays.com\/fr\/wp-json\/wp\/v2\/posts\/542266\/revisions"}],"wp:featuredmedia":[{"embeddable":true,"href":"https:\/\/www.europesays.com\/fr\/wp-json\/wp\/v2\/media\/542267"}],"wp:attachment":[{"href":"https:\/\/www.europesays.com\/fr\/wp-json\/wp\/v2\/media?parent=542266"}],"wp:term":[{"taxonomy":"category","embeddable":true,"href":"https:\/\/www.europesays.com\/fr\/wp-json\/wp\/v2\/categories?post=542266"},{"taxonomy":"post_tag","embeddable":true,"href":"https:\/\/www.europesays.com\/fr\/wp-json\/wp\/v2\/tags?post=542266"}],"curies":[{"name":"wp","href":"https:\/\/api.w.org\/{rel}","templated":true}]}}