{"id":542268,"date":"2025-11-18T10:23:20","date_gmt":"2025-11-18T10:23:20","guid":{"rendered":"https:\/\/www.europesays.com\/fr\/542268\/"},"modified":"2025-11-18T10:23:20","modified_gmt":"2025-11-18T10:23:20","slug":"il-a-essaye-de-lui-arracher-son-collant-apres-une-tentative-de-viol-sur-une-cycliste-en-pleine-rue-a-rennes-un-homme-place-en-detention","status":"publish","type":"post","link":"https:\/\/www.europesays.com\/fr\/542268\/","title":{"rendered":"\u00ab\u00a0Il a essay\u00e9 de lui arracher son collant\u00a0\u00bb\u00a0: apr\u00e8s une tentative de viol sur une cycliste en pleine rue \u00e0 Rennes, un homme plac\u00e9 en d\u00e9tention"},"content":{"rendered":"<p>Vers 22 h 45, mardi 11 novembre, une cycliste qui circulait sur le boulevard Albert 1er, dans le quartier Br\u00e9quigny, <a href=\"https:\/\/www.letelegramme.fr\/ille-et-vilaine\/rennes-35000\/a-rennes-un-automobiliste-renverse-une-cycliste-avant-de-lagresser-la-victime-extremement-choquee-6927071.php\" target=\"_blank\" rel=\"noopener\">a \u00e9t\u00e9 volontairement percut\u00e9e par un automobiliste roulant \u00e0 vive allure.<\/a> Une information confirm\u00e9e par Fr\u00e9d\u00e9ric Teillet, procureur de la R\u00e9publique de Rennes, ce mardi 18 novembre. \u00c0 la suite du choc, l\u2019individu a tent\u00e9 de violer la jeune femme qui \u00e9tait au sol mais \u00ab il en avait \u00e9t\u00e9 emp\u00each\u00e9 par la tenue vestimentaire de la victime et l\u2019intervention de plusieurs t\u00e9moins qui ont mis l\u2019auteur en fuite. \u00bb L\u2019homme a ensuite \u00e9t\u00e9 interpell\u00e9 \u00e0 proximit\u00e9 du lieu de l\u2019agression par les effectifs de la BAC\ufeff.<\/p>\n<p>Il a essay\u00e9 d\u2019arracher son collant<\/p>\n<p>Selon le Procureur de la R\u00e9publique de Rennes, la victime \u00ab sortait d\u2019un cours de th\u00e9\u00e2tre \u00bb. \u00ab Elle a indiqu\u00e9 que l\u2019individu est venu vers elle, qu\u2019il l\u2019a pouss\u00e9e, mise par terre et qu\u2019il s\u2019est mis sur elle en la tenant avec une main, et essayant de lui arracher son collant avec l\u2019autre main. Elle a cri\u00e9 et s\u2019est d\u00e9battue. Des t\u00e9moins de la sc\u00e8ne ont compos\u00e9 le 17. Elle a expliqu\u00e9 par ailleurs qu\u2019il avait essay\u00e9 de prendre son v\u00e9lo pour prendre la fuite mais qu\u2019elle l\u2019avait tenu bon et qu\u2019il \u00e9tait parti \u00e0 pied. \u00bb Un d\u00e9roulement des faits confirm\u00e9s par les t\u00e9moins.<\/p>\n<p>Une expertise psychiatrique en attente<\/p>\n<p>Entendu, le mis en cause, sous curatelle a reconnu les faits. \u00c0 l\u2019issue de sa garde \u00e0 vue le 13 novembre, le parquet de Rennes a ordonn\u00e9 son d\u00e9ferrement au Palais de justice. Il a \u00e9t\u00e9 notifi\u00e9 d\u2019une convocation pour \u00eatre jug\u00e9 dans le cadre d\u2019une comparution \u00e0 d\u00e9lai diff\u00e9r\u00e9 \u00e0 l\u2019audience du 12 janvier 2026. D\u2019ici cette date, une expertise psychiatrique doit \u00eatre r\u00e9alis\u00e9e. L\u2019individu a \u00e9t\u00e9 plac\u00e9 en d\u00e9tention provisoire par le juge de la libert\u00e9 et de la d\u00e9tention \u00e0 la demande du parquet.<\/p>\n","protected":false},"excerpt":{"rendered":"Vers 22 h 45, mardi 11 novembre, une cycliste qui circulait sur le boulevard Albert 1er, dans le&hellip;\n","protected":false},"author":2,"featured_media":542269,"comment_status":"","ping_status":"","sticky":false,"template":"","format":"standard","meta":{"footnotes":""},"categories":[2821],"tags":[1111,11,829,765,1777,674,118,3383,1011,27,848,12,584,25],"class_list":{"0":"post-542268","1":"post","2":"type-post","3":"status-publish","4":"format-standard","5":"has-post-thumbnail","7":"category-rennes","8":"tag-actu","9":"tag-actualites","10":"tag-bretagne","11":"tag-en-continu","12":"tag-eu","13":"tag-europe","14":"tag-faits-divers","15":"tag-faits-divers-a-rennes","16":"tag-fr","17":"tag-france","18":"tag-ille-et-vilaine","19":"tag-news","20":"tag-rennes","21":"tag-republique-francaise"},"share_on_mastodon":{"url":"https:\/\/pubeurope.com\/@fr\/115570213180403587","error":""},"_links":{"self":[{"href":"https:\/\/www.europesays.com\/fr\/wp-json\/wp\/v2\/posts\/542268","targetHints":{"allow":["GET"]}}],"collection":[{"href":"https:\/\/www.europesays.com\/fr\/wp-json\/wp\/v2\/posts"}],"about":[{"href":"https:\/\/www.europesays.com\/fr\/wp-json\/wp\/v2\/types\/post"}],"author":[{"embeddable":true,"href":"https:\/\/www.europesays.com\/fr\/wp-json\/wp\/v2\/users\/2"}],"replies":[{"embeddable":true,"href":"https:\/\/www.europesays.com\/fr\/wp-json\/wp\/v2\/comments?post=542268"}],"version-history":[{"count":0,"href":"https:\/\/www.europesays.com\/fr\/wp-json\/wp\/v2\/posts\/542268\/revisions"}],"wp:featuredmedia":[{"embeddable":true,"href":"https:\/\/www.europesays.com\/fr\/wp-json\/wp\/v2\/media\/542269"}],"wp:attachment":[{"href":"https:\/\/www.europesays.com\/fr\/wp-json\/wp\/v2\/media?parent=542268"}],"wp:term":[{"taxonomy":"category","embeddable":true,"href":"https:\/\/www.europesays.com\/fr\/wp-json\/wp\/v2\/categories?post=542268"},{"taxonomy":"post_tag","embeddable":true,"href":"https:\/\/www.europesays.com\/fr\/wp-json\/wp\/v2\/tags?post=542268"}],"curies":[{"name":"wp","href":"https:\/\/api.w.org\/{rel}","templated":true}]}}