{"id":542270,"date":"2025-11-18T10:24:15","date_gmt":"2025-11-18T10:24:15","guid":{"rendered":"https:\/\/www.europesays.com\/fr\/542270\/"},"modified":"2025-11-18T10:24:15","modified_gmt":"2025-11-18T10:24:15","slug":"a-14-ans-il-tente-dechapper-a-la-police-au-volant-dun-vehicule-vole-a-rennes-ladolescent-etait-deja-recherche-pour-une-autre-affaire","status":"publish","type":"post","link":"https:\/\/www.europesays.com\/fr\/542270\/","title":{"rendered":"\u00c0 14 ans, il tente d\u2019\u00e9chapper \u00e0 la police au volant d\u2019un v\u00e9hicule vol\u00e9 \u00e0 Rennes\u00a0: l\u2019adolescent \u00e9tait d\u00e9j\u00e0 recherch\u00e9 pour une autre affaire"},"content":{"rendered":"<p>Les faits se sont d\u00e9roul\u00e9s dans la nuit du dimanche 16 au lundi 17 novembre. Vers 2h du matin, un \u00e9quipage de police rep\u00e8re un v\u00e9hicule signal\u00e9 vol\u00e9 \u00e0 Saint-Gr\u00e9goire, en direction du centre-ville de Rennes.<\/p>\n<p>Les forces de l\u2019ordre prennent en chasse la voiture, \u00e0 bord de laquelle se trouvent deux occupants. Afin d\u2019arr\u00eater le v\u00e9hicule en fuite, les policiers finissent par d\u00e9ployer un dispositif avec une herse au milieu de la route.<\/p>\n<p>Le conducteur avait\u2026 14 ans<\/p>\n<p>Au passage des fuyards, un pneu explose et la voiture s\u2019immobilise. Les deux individus tentent alors de prendre la fuite \u00e0 pied, mais sont rapidement rattrap\u00e9s et interpell\u00e9s par les forces de l\u2019ordre.<\/p>\n<p>En v\u00e9rifiant les identit\u00e9s, les policiers se rendent compte que le conducteur du v\u00e9hicule vol\u00e9 est un adolescent de seulement 14 ans. Il \u00e9tait d\u00e9j\u00e0 activement recherch\u00e9 dans le cadre d\u2019une autre affaire. Le jeune conducteur et son passager ont \u00e9t\u00e9 plac\u00e9s en garde \u00e0 vue.<\/p>\n","protected":false},"excerpt":{"rendered":"Les faits se sont d\u00e9roul\u00e9s dans la nuit du dimanche 16 au lundi 17 novembre. Vers 2h du&hellip;\n","protected":false},"author":2,"featured_media":542271,"comment_status":"","ping_status":"","sticky":false,"template":"","format":"standard","meta":{"footnotes":""},"categories":[2821],"tags":[1111,11,829,765,1777,674,118,3383,1011,27,848,12,584,25],"class_list":{"0":"post-542270","1":"post","2":"type-post","3":"status-publish","4":"format-standard","5":"has-post-thumbnail","7":"category-rennes","8":"tag-actu","9":"tag-actualites","10":"tag-bretagne","11":"tag-en-continu","12":"tag-eu","13":"tag-europe","14":"tag-faits-divers","15":"tag-faits-divers-a-rennes","16":"tag-fr","17":"tag-france","18":"tag-ille-et-vilaine","19":"tag-news","20":"tag-rennes","21":"tag-republique-francaise"},"share_on_mastodon":{"url":"https:\/\/pubeurope.com\/@fr\/115570217180192464","error":""},"_links":{"self":[{"href":"https:\/\/www.europesays.com\/fr\/wp-json\/wp\/v2\/posts\/542270","targetHints":{"allow":["GET"]}}],"collection":[{"href":"https:\/\/www.europesays.com\/fr\/wp-json\/wp\/v2\/posts"}],"about":[{"href":"https:\/\/www.europesays.com\/fr\/wp-json\/wp\/v2\/types\/post"}],"author":[{"embeddable":true,"href":"https:\/\/www.europesays.com\/fr\/wp-json\/wp\/v2\/users\/2"}],"replies":[{"embeddable":true,"href":"https:\/\/www.europesays.com\/fr\/wp-json\/wp\/v2\/comments?post=542270"}],"version-history":[{"count":0,"href":"https:\/\/www.europesays.com\/fr\/wp-json\/wp\/v2\/posts\/542270\/revisions"}],"wp:featuredmedia":[{"embeddable":true,"href":"https:\/\/www.europesays.com\/fr\/wp-json\/wp\/v2\/media\/542271"}],"wp:attachment":[{"href":"https:\/\/www.europesays.com\/fr\/wp-json\/wp\/v2\/media?parent=542270"}],"wp:term":[{"taxonomy":"category","embeddable":true,"href":"https:\/\/www.europesays.com\/fr\/wp-json\/wp\/v2\/categories?post=542270"},{"taxonomy":"post_tag","embeddable":true,"href":"https:\/\/www.europesays.com\/fr\/wp-json\/wp\/v2\/tags?post=542270"}],"curies":[{"name":"wp","href":"https:\/\/api.w.org\/{rel}","templated":true}]}}