{"id":542299,"date":"2025-11-18T10:41:14","date_gmt":"2025-11-18T10:41:14","guid":{"rendered":"https:\/\/www.europesays.com\/fr\/542299\/"},"modified":"2025-11-18T10:41:14","modified_gmt":"2025-11-18T10:41:14","slug":"accident-a-lyon-un-homme-percute-par-un-bus-tcl-sur-cette-grande-avenue","status":"publish","type":"post","link":"https:\/\/www.europesays.com\/fr\/542299\/","title":{"rendered":"Accident \u00e0 Lyon. Un homme percut\u00e9 par un bus TCL sur cette grande avenue"},"content":{"rendered":"<p>                    Par<br \/>\n        <strong><br \/>\n            <a href=\"https:\/\/actu.fr\/auteur\/ludivine-caporal\" title=\"Consulter tous les articles de Ludivine Caporal\" rel=\"nofollow noopener\" target=\"_blank\">Ludivine Caporal<\/a><br \/>\n                    <\/strong><\/p>\n<p>        Publi\u00e9 le<\/p>\n<p>            18 nov. 2025 \u00e0 11h37        <\/p>\n<p>Les pompiers sont intervenus sur les coups de 10h, ce mardi 18 novembre, pour un grave accident de la route au niveau de <strong>la station de m\u00e9tro Saxe-Gambetta<\/strong>, \u00e0 l\u2019angle du Cours Gambetta et de l\u2019Avenue Jean-Jaur\u00e8s, dans le 7e arrondissement de <a href=\"https:\/\/actu.fr\/auvergne-rhone-alpes\/lyon_69123\" rel=\"nofollow noopener\" target=\"_blank\">Lyon<\/a>.<\/p>\n<p class=\" wall-content\">Un bus <a href=\"https:\/\/actu.fr\/tag\/transports-en-commun-lyonnais-tcl\" rel=\"nofollow noopener\" target=\"_blank\">TCL<\/a> en circulation a violemment percut\u00e9 un pi\u00e9ton. La victime, un homme, se trouverait <strong>en urgence absolue<\/strong>, selon les premiers \u00e9l\u00e9ments dont nous disposons. Il a \u00e9t\u00e9 pris en charge par les secours.<\/p>\n<p>Le r\u00e9seau perturb\u00e9<\/p>\n<p class=\" wall-content\">Le trafic de plusieurs bus TCL (C14, C5, C11, C12\u2026) est pour le moment perturb\u00e9. La reprise normale de la circulation est en cours.<\/p>\n<p class=\" wall-content\">\n<p>Plus d\u2019informations \u00e0 venir\u2026<\/p>\n<p class=\" wall-content\">Personnalisez votre actualit\u00e9 en ajoutant vos villes et m\u00e9dias en favori avec <a href=\"https:\/\/moncompte.actu.fr\" title=\"D\u00e9couvez Mon Actu\" rel=\"nofollow noopener\" data-trk=\"{&quot;cta&quot;:{&quot;action&quot;:&quot;https:\\\/\\\/moncompte.actu.fr&quot;,&quot;category&quot;:&quot;mon compte&quot;,&quot;from&quot;:&quot;article footer&quot;,&quot;name&quot;:&quot;Mon actu&quot;,&quot;type&quot;:&quot;cta&quot;}}\" target=\"_blank\">Mon Actu<\/a>.<\/p>\n","protected":false},"excerpt":{"rendered":"Par Ludivine Caporal Publi\u00e9 le 18 nov. 2025 \u00e0 11h37 Les pompiers sont intervenus sur les coups de&hellip;\n","protected":false},"author":2,"featured_media":542300,"comment_status":"","ping_status":"","sticky":false,"template":"","format":"standard","meta":{"footnotes":""},"categories":[1889],"tags":[1111,11,2430,1777,674,118,1011,27,2428,12,1311,25,5787],"class_list":{"0":"post-542299","1":"post","2":"type-post","3":"status-publish","4":"format-standard","5":"has-post-thumbnail","7":"category-lyon","8":"tag-actu","9":"tag-actualites","10":"tag-auvergne-rhone-alpes","11":"tag-eu","12":"tag-europe","13":"tag-faits-divers","14":"tag-fr","15":"tag-france","16":"tag-lyon","17":"tag-news","18":"tag-pompiers","19":"tag-republique-francaise","20":"tag-transports-en-commun-lyonnais-tcl"},"share_on_mastodon":{"url":"https:\/\/pubeurope.com\/@fr\/115570283927557845","error":""},"_links":{"self":[{"href":"https:\/\/www.europesays.com\/fr\/wp-json\/wp\/v2\/posts\/542299","targetHints":{"allow":["GET"]}}],"collection":[{"href":"https:\/\/www.europesays.com\/fr\/wp-json\/wp\/v2\/posts"}],"about":[{"href":"https:\/\/www.europesays.com\/fr\/wp-json\/wp\/v2\/types\/post"}],"author":[{"embeddable":true,"href":"https:\/\/www.europesays.com\/fr\/wp-json\/wp\/v2\/users\/2"}],"replies":[{"embeddable":true,"href":"https:\/\/www.europesays.com\/fr\/wp-json\/wp\/v2\/comments?post=542299"}],"version-history":[{"count":0,"href":"https:\/\/www.europesays.com\/fr\/wp-json\/wp\/v2\/posts\/542299\/revisions"}],"wp:featuredmedia":[{"embeddable":true,"href":"https:\/\/www.europesays.com\/fr\/wp-json\/wp\/v2\/media\/542300"}],"wp:attachment":[{"href":"https:\/\/www.europesays.com\/fr\/wp-json\/wp\/v2\/media?parent=542299"}],"wp:term":[{"taxonomy":"category","embeddable":true,"href":"https:\/\/www.europesays.com\/fr\/wp-json\/wp\/v2\/categories?post=542299"},{"taxonomy":"post_tag","embeddable":true,"href":"https:\/\/www.europesays.com\/fr\/wp-json\/wp\/v2\/tags?post=542299"}],"curies":[{"name":"wp","href":"https:\/\/api.w.org\/{rel}","templated":true}]}}