{"id":542310,"date":"2025-11-18T10:53:13","date_gmt":"2025-11-18T10:53:13","guid":{"rendered":"https:\/\/www.europesays.com\/fr\/542310\/"},"modified":"2025-11-18T10:53:13","modified_gmt":"2025-11-18T10:53:13","slug":"la-russie-accuse-la-france-dalimenter-la-guerre-en-vendant-des-rafale-a-lukraine","status":"publish","type":"post","link":"https:\/\/www.europesays.com\/fr\/542310\/","title":{"rendered":"La Russie accuse la France d'\u00a0\u00bbalimenter la guerre\u00a0\u00bb en vendant des Rafale \u00e0 l&rsquo;Ukraine"},"content":{"rendered":"<p class=\"ap-StoryElement ap-StoryElement--mb ap-StoryText\">La Russie a accus\u00e9 mardi la France d'\u00a0\u00bbalimenter\u00a0\u00bb la guerre en Ukraine en signant un accord sur le futur achat par Kiev de 100 avions de combat fran\u00e7ais Rafale.<\/p>\n<p class=\"ap-StoryElement ap-StoryElement--mb ap-StoryText\">\u00ab\u00a0Paris ne contribue en aucun cas \u00e0 la paix, mais alimente au contraire les sentiments militaristes et proguerre\u00a0\u00bb, a d\u00e9clar\u00e9 le porte-parole du Kremlin, Dmitri Peskov, en r\u00e9ponse \u00e0 une question de l&rsquo;AFP, lors de son briefing quotidien.<\/p>\n<p class=\"ap-StoryElement ap-StoryElement--mb ap-StoryText\">Lundi, les pr\u00e9sidents ukrainien, <a href=\"https:\/\/www.lalibre.be\/international\/europe\/guerre-ukraine-russie\/2025\/11\/18\/zelensky-se-rend-a-ankara-pour-relancer-les-efforts-de-paix-lobjectif-est-que-les-americains-se-reengagent-6TOHFGBKOBF4NA5FSYPTNCLMUE\/\" target=\"_self\" rel=\"noopener\">Volodymyr Zelensky<\/a>, et fran\u00e7ais, Emmanuel Macron, ont sign\u00e9 \u00e0 Paris une \u00ab\u00a0d\u00e9claration d&rsquo;intention\u00a0\u00bb, qualifi\u00e9e d'\u00a0\u00bbhistorique\u00a0\u00bb par M. Zelensky, portant sur l&rsquo;achat futur par Kiev de 100 Rafale avec leurs armements associ\u00e9s.<\/p>\n","protected":false},"excerpt":{"rendered":"La Russie a accus\u00e9 mardi la France d&rsquo;\u00a0\u00bbalimenter\u00a0\u00bb la guerre en Ukraine en signant un accord sur le&hellip;\n","protected":false},"author":2,"featured_media":542311,"comment_status":"","ping_status":"","sticky":false,"template":"","format":"standard","meta":{"footnotes":""},"categories":[1591],"tags":[11,1924,6376,2120,554,5438,1887,27,418,12,316,1885,1886,132,220],"class_list":{"0":"post-542310","1":"post","2":"type-post","3":"status-publish","4":"format-standard","5":"has-post-thumbnail","7":"category-russie","8":"tag-actualites","9":"tag-armement","10":"tag-armes","11":"tag-conflit","12":"tag-defense","13":"tag-dmitri-peskov","14":"tag-federation-de-russie","15":"tag-france","16":"tag-gouvernement","17":"tag-news","18":"tag-politique","19":"tag-russia","20":"tag-russian-federation","21":"tag-russie","22":"tag-ukraine"},"share_on_mastodon":{"url":"https:\/\/pubeurope.com\/@fr\/115570331136264487","error":""},"_links":{"self":[{"href":"https:\/\/www.europesays.com\/fr\/wp-json\/wp\/v2\/posts\/542310","targetHints":{"allow":["GET"]}}],"collection":[{"href":"https:\/\/www.europesays.com\/fr\/wp-json\/wp\/v2\/posts"}],"about":[{"href":"https:\/\/www.europesays.com\/fr\/wp-json\/wp\/v2\/types\/post"}],"author":[{"embeddable":true,"href":"https:\/\/www.europesays.com\/fr\/wp-json\/wp\/v2\/users\/2"}],"replies":[{"embeddable":true,"href":"https:\/\/www.europesays.com\/fr\/wp-json\/wp\/v2\/comments?post=542310"}],"version-history":[{"count":0,"href":"https:\/\/www.europesays.com\/fr\/wp-json\/wp\/v2\/posts\/542310\/revisions"}],"wp:featuredmedia":[{"embeddable":true,"href":"https:\/\/www.europesays.com\/fr\/wp-json\/wp\/v2\/media\/542311"}],"wp:attachment":[{"href":"https:\/\/www.europesays.com\/fr\/wp-json\/wp\/v2\/media?parent=542310"}],"wp:term":[{"taxonomy":"category","embeddable":true,"href":"https:\/\/www.europesays.com\/fr\/wp-json\/wp\/v2\/categories?post=542310"},{"taxonomy":"post_tag","embeddable":true,"href":"https:\/\/www.europesays.com\/fr\/wp-json\/wp\/v2\/tags?post=542310"}],"curies":[{"name":"wp","href":"https:\/\/api.w.org\/{rel}","templated":true}]}}